{"id":1392,"date":"2025-08-19T15:04:02","date_gmt":"2025-08-19T13:04:02","guid":{"rendered":"https:\/\/www.mautervillas.es\/blog\/?p=1392"},"modified":"2025-08-19T15:04:33","modified_gmt":"2025-08-19T13:04:33","slug":"minorque-en-groupe-idees-hebergements","status":"publish","type":"post","link":"https:\/\/www.mautervillas.fr\/blog\/minorque-en-groupe-idees-hebergements\/","title":{"rendered":"Id\u00e9es pour visiter Minorque en groupe"},"content":{"rendered":"\n<p class=\"wp-block-paragraph\">Vous pr\u00e9voyez une escapade entre amis ou une semaine en famille \u00e0 Minorque ?<\/p>\n\n\n\n<p class=\"wp-block-paragraph\">Cette \u00eele des Bal\u00e9ares est id\u00e9ale \u00e0 vivre en groupe, avec des activit\u00e9s allant des excursions en kayak aux d\u00eeners sous les \u00e9toiles.<\/p>\n\n\n\n<p class=\"wp-block-paragraph\">Voici un guide rempli d\u2019id\u00e9es pour que vous profitiez au maximum, sans complications ni d\u00e9cisions de derni\u00e8re minute.<\/p>\n\n\n\n<p class=\"wp-block-paragraph\">Le tout avec cette touche sp\u00e9ciale qui transforme un voyage en une exp\u00e9rience inoubliable.<\/p>\n\n\n\n<div style=\"height:80px\" aria-hidden=\"true\" class=\"wp-block-spacer\"><\/div>\n\n\n\n<h2 class=\"wp-block-heading\">1. Louer une villa pour la semaine : le quartier g\u00e9n\u00e9ral id\u00e9al<\/h2>\n\n\n\n<figure class=\"wp-block-image size-large\"><img loading=\"lazy\" decoding=\"async\" width=\"1400\" height=\"630\" src=\"https:\/\/www.mautervillas.es\/blog\/wp-content\/uploads\/2025\/08\/alquilar-villa-en-menorca-1400x630.webp\" alt=\"\" class=\"wp-image-1374\"\/><\/figure>\n\n\n\n<p class=\"wp-block-paragraph\">Si vous voyagez en groupe, la solution la plus confortable \u2014 et parfois m\u00eame la plus \u00e9conomique \u2014 est de louer une grande maison o\u00f9 vous pouvez tous loger ensemble.<\/p>\n\n\n\n<p class=\"wp-block-paragraph\">Pas de chambres dispers\u00e9es dans diff\u00e9rents h\u00f4tels ni de rendez-vous WhatsApp pour chaque repas.<\/p>\n\n\n\n<p class=\"wp-block-paragraph\">Une villa devient le point de d\u00e9part (et de retrouvailles) parfait pour tout le groupe.<\/p>\n\n\n\n<p class=\"wp-block-paragraph\">\u00catre dans la m\u00eame maison permet aussi de donner votre propre rythme au voyage : petit-d\u00e9jeuner ensemble sur la terrasse, d\u00eeners improvis\u00e9s, d\u00e9tente \u00e0 la piscine sans contraintes d\u2019horaires.<\/p>\n\n\n\n<p class=\"wp-block-paragraph\">La zone de Ciutadella est l\u2019une des pr\u00e9f\u00e9r\u00e9es pour ce type de s\u00e9jour car elle est proche de nombreuses plages, offre une ambiance anim\u00e9e pour sortir d\u00eener et permet des excursions courtes.<\/p>\n\n\n\n<p class=\"wp-block-paragraph\">Si vous pr\u00e9f\u00e9rez \u00eatre pr\u00e8s de Mah\u00f3n, il existe \u00e9galement de superbes villas autour du port, parfaites pour des activit\u00e9s nautiques et visiter des march\u00e9s.<\/p>\n\n\n\n<div style=\"height:80px\" aria-hidden=\"true\" class=\"wp-block-spacer\"><\/div>\n\n\n\n<h2 class=\"wp-block-heading\">2. Road trip : un nouveau coin chaque jour<\/h2>\n\n\n\n<figure class=\"wp-block-image size-large\"><img loading=\"lazy\" decoding=\"async\" width=\"1400\" height=\"630\" src=\"https:\/\/www.mautervillas.es\/blog\/wp-content\/uploads\/2025\/08\/ruta-coche-en-menorca-1400x630.webp\" alt=\"\" class=\"wp-image-1377\"\/><\/figure>\n\n\n\n<p class=\"wp-block-paragraph\">Se d\u00e9placer en voiture \u00e0 Minorque est une excellente id\u00e9e.<\/p>\n\n\n\n<p class=\"wp-block-paragraph\">Les distances sont courtes, les routes tranquilles et cela vous donne la libert\u00e9 de d\u00e9couvrir plages, villages et criques sans d\u00e9pendre des horaires.<\/p>\n\n\n\n<p class=\"wp-block-paragraph\">Pour un groupe, louer deux voitures de taille moyenne ou un grand minibus est souvent l\u2019option la plus pratique.<\/p>\n\n\n\n<p class=\"wp-block-paragraph\">Le mieux est de pr\u00e9voir un calendrier flexible. Par exemple, consacrer une journ\u00e9e au nord (comme Cala Pregonda ou Binimel\u00b7l\u00e0), une autre au sud (comme Son Saura ou Cala Galdana), et une autre \u00e0 l\u2019int\u00e9rieur de l\u2019\u00eele avec des villages comme Es Mercadal ou Alaior.<\/p>\n\n\n\n<p class=\"wp-block-paragraph\">On peut aussi combiner tourisme et gastronomie, en s\u2019arr\u00eatant dans un restaurant sur la route ou en faisant un pique-nique sur une plage. Emporter toujours une glaci\u00e8re avec des boissons fra\u00eeches et des fruits est le petit d\u00e9tail qui fait la diff\u00e9rence.<\/p>\n\n\n\n<div style=\"height:80px\" aria-hidden=\"true\" class=\"wp-block-spacer\"><\/div>\n\n\n\n<h2 class=\"wp-block-heading\">3. Journ\u00e9e en bateau : l\u2019exp\u00e9rience phare pour les groupes<\/h2>\n\n\n\n<figure class=\"wp-block-image size-large\"><img loading=\"lazy\" decoding=\"async\" width=\"1400\" height=\"630\" src=\"https:\/\/www.mautervillas.es\/blog\/wp-content\/uploads\/2025\/08\/ruta-en-barco-en-menorca-1400x630.webp\" alt=\"\" class=\"wp-image-1380\"\/><\/figure>\n\n\n\n<p class=\"wp-block-paragraph\">L\u2019une des meilleures fa\u00e7ons de voir Minorque autrement est depuis la mer.<\/p>\n\n\n\n<p class=\"wp-block-paragraph\">Louer un bateau pour une journ\u00e9e enti\u00e8re (avec ou sans skipper, selon le groupe) vous permet d\u2019acc\u00e9der \u00e0 des criques inaccessibles en voiture, de faire du snorkeling, de bronzer et surtout de profiter d\u2019une journ\u00e9e ensemble sans stress.<\/p>\n\n\n\n<p class=\"wp-block-paragraph\">Il y en a pour tous les go\u00fbts : des petits bateaux accessibles avec un permis de base jusqu\u2019aux catamarans avec repas inclus. Pour 8 \u00e0 10 personnes, le prix par t\u00eate est souvent int\u00e9ressant, surtout si vous emportez de la nourriture et des boissons \u00e0 bord.<\/p>\n\n\n\n<p class=\"wp-block-paragraph\">Les d\u00e9parts depuis Fornells ou le port de Mah\u00f3n sont les plus fr\u00e9quents, mais il existe aussi des sorties plus courtes depuis Cala Galdana. Tout d\u00e9pend du projet du groupe : une journ\u00e9e d\u00e9tente baignade ou une navigation plus compl\u00e8te pour d\u00e9couvrir la c\u00f4te.<\/p>\n\n\n\n<div style=\"height:80px\" aria-hidden=\"true\" class=\"wp-block-spacer\"><\/div>\n\n\n\n<h2 class=\"wp-block-heading\">4. Coucher de soleil \u00e0 Punta Nati ou Cova d\u2019en Xoroi<\/h2>\n\n\n\n<p class=\"wp-block-paragraph\">Un bon voyage se mesure aussi \u00e0 ses soir\u00e9es.<\/p>\n\n\n\n<p class=\"wp-block-paragraph\">Et \u00e0 Minorque, les couchers de soleil ne d\u00e9\u00e7oivent jamais.<\/p>\n\n\n\n<p class=\"wp-block-paragraph\">L\u2019un des meilleurs plans en groupe est de monter au phare de Punta Nati avec quelques encas et de regarder le soleil se coucher, en silence ou avec un peu de musique douce. C\u2019est gratuit, facile d\u2019acc\u00e8s et l\u2019ambiance est magique.<\/p>\n\n\n\n<p class=\"wp-block-paragraph\">Si vous avez envie de plus d\u2019animation, un autre classique est de prendre un verre \u00e0 la Cova d\u2019en Xoroi. Bien que l\u2019endroit soit plus fr\u00e9quent\u00e9, il est unique : une grotte naturelle avec des terrasses suspendues au-dessus de la mer. Il est recommand\u00e9 de r\u00e9server \u00e0 l\u2019avance en haute saison, surtout si vous \u00eates nombreux.<\/p>\n\n\n\n<p class=\"wp-block-paragraph\">Ces exp\u00e9riences deviennent des \u201cmoments phares\u201d du voyage : des instants grav\u00e9s dans la m\u00e9moire, parfaits pour les photos de groupe ou les toasts du soir.<\/p>\n\n\n\n<div style=\"height:80px\" aria-hidden=\"true\" class=\"wp-block-spacer\"><\/div>\n\n\n\n<h2 class=\"wp-block-heading\">5. Repas \u00e0 partager : parfois mieux \u00e0 la maison<\/h2>\n\n\n\n<figure class=\"wp-block-image size-large\"><img loading=\"lazy\" decoding=\"async\" width=\"1400\" height=\"630\" src=\"https:\/\/www.mautervillas.es\/blog\/wp-content\/uploads\/2025\/08\/cena-en-una-villa-en-familia-menorca-1400x630.webp\" alt=\"\" class=\"wp-image-1383\"\/><\/figure>\n\n\n\n<p class=\"wp-block-paragraph\">Manger \u00e0 l\u2019ext\u00e9rieur en groupe peut \u00eatre g\u00e9nial\u2026 mais pas tous les jours.<\/p>\n\n\n\n<p class=\"wp-block-paragraph\">Parfois, on a envie de ralentir et de profiter sans r\u00e9servations ni attentes.<\/p>\n\n\n\n<p class=\"wp-block-paragraph\">Si vous logez dans une villa, il est facile d\u2019organiser un barbecue, de pr\u00e9parer une paella ou de commander \u00e0 emporter. Minorque offre de bons produits frais et des supermarch\u00e9s bien fournis.<\/p>\n\n\n\n<p class=\"wp-block-paragraph\">Cela permet aussi d\u2019adapter les menus aux go\u00fbts et aux r\u00e9gimes sp\u00e9ciaux, tr\u00e8s utile avec des enfants ou des personnes allergiques. Et si vous disposez d\u2019une belle terrasse ou d\u2019un jardin, manger sur place peut \u00eatre mieux que n\u2019importe quel restaurant.<\/p>\n\n\n\n<p class=\"wp-block-paragraph\">Cela dit, r\u00e9servez-vous au moins un jour pour sortir go\u00fbter les restaurants typiques de poissons ou de tapas.<\/p>\n\n\n\n<p class=\"wp-block-paragraph\">Des zones comme Es Castell, Ciutadella ou Fornells proposent de tr\u00e8s bons \u00e9tablissements pour groupes, parfaits pour clore le s\u00e9jour par un repas sp\u00e9cial.<\/p>\n\n\n\n<div style=\"height:80px\" aria-hidden=\"true\" class=\"wp-block-spacer\"><\/div>\n\n\n\n<h2 class=\"wp-block-heading\">6. Randonn\u00e9es sur le Cam\u00ed de Cavalls<\/h2>\n\n\n\n<figure class=\"wp-block-image size-large\"><img loading=\"lazy\" decoding=\"async\" width=\"1400\" height=\"630\" src=\"https:\/\/www.mautervillas.es\/blog\/wp-content\/uploads\/2025\/08\/cami-de-cavalls-menorca-1400x630.webp\" alt=\"\" class=\"wp-image-1386\"\/><\/figure>\n\n\n\n<p class=\"wp-block-paragraph\">Si quelqu\u2019un du groupe aime la randonn\u00e9e, le Cam\u00ed de Cavalls est un incontournable.<\/p>\n\n\n\n<p class=\"wp-block-paragraph\">C\u2019est un sentier qui fait le tour de l\u2019\u00eele par la c\u00f4te, divis\u00e9 en tron\u00e7ons accessibles. Pas besoin de longues \u00e9tapes : il existe des parcours de 2 \u00e0 3 heures adapt\u00e9s m\u00eame en sandales de sport.<\/p>\n\n\n\n<p class=\"wp-block-paragraph\">L\u2019int\u00e9r\u00eat est que beaucoup de ces tron\u00e7ons relient des criques entre elles. Par exemple, aller de Cala Galdana \u00e0 Macarella \u00e0 pied est une balade magnifique, permettant d\u2019acc\u00e9der \u00e0 des lieux un peu plus secrets sans voiture.<\/p>\n\n\n\n<p class=\"wp-block-paragraph\">C\u2019est un plan parfait pour les groupes car chacun peut avancer \u00e0 son rythme, ou choisir des \u00e9tapes douces avec des pauses baignade et photos.<\/p>\n\n\n\n<div style=\"height:80px\" aria-hidden=\"true\" class=\"wp-block-spacer\"><\/div>\n\n\n\n<h2 class=\"wp-block-heading\">7. Visiter march\u00e9s et foires nocturnes<\/h2>\n\n\n\n<p class=\"wp-block-paragraph\">M\u00eame si la plage domine \u00e0 Minorque, les march\u00e9s nocturnes ont beaucoup de succ\u00e8s.<\/p>\n\n\n\n<p class=\"wp-block-paragraph\">C\u2019est une bonne excuse pour sortir apr\u00e8s d\u00eener, se promener, acheter quelque chose de diff\u00e9rent ou manger une glace en musique live.<\/p>\n\n\n\n<p class=\"wp-block-paragraph\">\u00c0 Mah\u00f3n et Ciutadella, on trouve des foires artisanales en soir\u00e9e avec v\u00eatements, bijoux, c\u00e9ramiques et objets originaux. Pour les enfants, il y a des animations, jongleurs, conteurs ou activit\u00e9s, pendant que les adultes se d\u00e9tendent.<\/p>\n\n\n\n<p class=\"wp-block-paragraph\">C\u2019est un plan calme, sans voiture, id\u00e9al pour terminer la journ\u00e9e o\u00f9 chacun peut faire ce qui lui pla\u00eet. Et c\u2019est aussi l\u2019endroit parfait pour trouver des souvenirs originaux.<\/p>\n\n\n\n<div style=\"height:80px\" aria-hidden=\"true\" class=\"wp-block-spacer\"><\/div>\n\n\n\n<h2 class=\"wp-block-heading\">O\u00f9 loger ? Comparatif des zones<\/h2>\n\n\n\n<ul class=\"wp-block-list\">\n<li><strong>Ciutadella et alentours<\/strong> : Id\u00e9al si vous voulez une ambiance village, sortir le soir et \u00eatre proche des criques c\u00e9l\u00e8bres du sud. Plus d\u2019animation, mais aussi plus de monde. Bon \u00e9quilibre entre d\u00e9tente et vie locale.<\/li>\n\n\n\n<li><strong>Mah\u00f3n et l\u2019est<\/strong> : Plus proche de l\u2019a\u00e9roport, calme le soir, avec un bon acc\u00e8s aux plages de l\u2019est et aux sorties en bateau. Parfait pour les groupes qui privil\u00e9gient le confort et les courts trajets.<\/li>\n\n\n\n<li><strong>Centre de l\u2019\u00eele (Es Mercadal, Alaior&#8230;)<\/strong> : Pratique si vous souhaitez vous d\u00e9placer dans toutes les directions sans longs trajets. Pas de plage \u00e0 proximit\u00e9, mais situation centrale. Id\u00e9al si vous utilisez la voiture tous les jours.<\/li>\n<\/ul>\n\n\n\n<div style=\"height:80px\" aria-hidden=\"true\" class=\"wp-block-spacer\"><\/div>\n\n\n\n<h2 class=\"wp-block-heading\">Pr\u00eats ? Louez avec Mauter Villas<\/h2>\n\n\n\n<p class=\"wp-block-paragraph\">Si apr\u00e8s avoir lu tout cela vous vous imaginez d\u00e9j\u00e0 profiter de Minorque en groupe, l\u2019\u00e9tape suivante est de trouver une villa adapt\u00e9e \u00e0 votre style.<\/p>\n\n\n\n<p class=\"wp-block-paragraph\">Chez <a href=\"https:\/\/www.mautervillas.fr\/contact\/\">Mauter Villas<\/a>, nous avons les meilleurs h\u00e9bergements bien situ\u00e9s, parfaits pour les grands groupes, avec piscine, terrasses, espace pour tous et sans complications.<\/p>\n\n\n\n<p class=\"wp-block-paragraph\">Ne vous compliquez pas avec des r\u00e9servations s\u00e9par\u00e9es ni des h\u00e9bergements improvis\u00e9s. Choisissez votre villa, vos dates\u2026 et profitez de Minorque comme elle le m\u00e9rite !<\/p>\n\n\n\n<div style=\"height:80px\" aria-hidden=\"true\" class=\"wp-block-spacer\"><\/div>\n","protected":false},"excerpt":{"rendered":"<p>Vous pr\u00e9voyez une escapade entre amis ou une semaine en famille \u00e0 Minorque ? Cette \u00eele des Bal\u00e9ares est id\u00e9ale&#8230;<\/p>\n","protected":false},"author":2,"featured_media":1388,"comment_status":"open","ping_status":"closed","sticky":false,"template":"","format":"standard","meta":{"footnotes":""},"categories":[20],"tags":[],"class_list":["post-1392","post","type-post","status-publish","format-standard","has-post-thumbnail","hentry","category-non-classifiee"],"yoast_head":"<!-- This site is optimized with the Yoast SEO plugin v20.6 - https:\/\/yoast.com\/wordpress\/plugins\/seo\/ -->\n<title>Minorque en groupe | Id\u00e9es d\u2019activit\u00e9s et o\u00f9 loger<\/title>\n<meta name=\"description\" content=\"Top id\u00e9es pour profiter de Minorque en groupe : villas, excursions, bateau, march\u00e9s et couchers de soleil inoubliables.\" \/>\n<meta name=\"robots\" content=\"index, follow, max-snippet:-1, max-image-preview:large, max-video-preview:-1\" \/>\n<link rel=\"canonical\" href=\"https:\/\/www.mautervillas.fr\/blog\/minorque-en-groupe-idees-hebergements\/\" \/>\n<meta property=\"og:locale\" content=\"fr_FR\" \/>\n<meta property=\"og:type\" content=\"article\" \/>\n<meta property=\"og:title\" content=\"Minorque en groupe | Id\u00e9es d\u2019activit\u00e9s et o\u00f9 loger\" \/>\n<meta property=\"og:description\" content=\"Top id\u00e9es pour profiter de Minorque en groupe : villas, excursions, bateau, march\u00e9s et couchers de soleil inoubliables.\" \/>\n<meta property=\"og:url\" content=\"https:\/\/www.mautervillas.fr\/blog\/minorque-en-groupe-idees-hebergements\/\" \/>\n<meta property=\"og:site_name\" content=\"Mauter Villas\" \/>\n<meta property=\"article:published_time\" content=\"2025-08-19T13:04:02+00:00\" \/>\n<meta property=\"article:modified_time\" content=\"2025-08-19T13:04:33+00:00\" \/>\n<meta property=\"og:image\" content=\"https:\/\/www.mautervillas.fr\/blog\/wp-content\/uploads\/2025\/08\/cami-de-cavalls-menorca.webp\" \/>\n\t<meta property=\"og:image:width\" content=\"1400\" \/>\n\t<meta property=\"og:image:height\" content=\"788\" \/>\n\t<meta property=\"og:image:type\" content=\"image\/webp\" \/>\n<meta name=\"author\" content=\"mautervillas\" \/>\n<meta name=\"twitter:card\" content=\"summary_large_image\" \/>\n<meta name=\"twitter:label1\" content=\"\u00c9crit par\" \/>\n\t<meta name=\"twitter:data1\" content=\"mautervillas\" \/>\n\t<meta name=\"twitter:label2\" content=\"Dur\u00e9e de lecture estim\u00e9e\" \/>\n\t<meta name=\"twitter:data2\" content=\"8 minutes\" \/>\n<script type=\"application\/ld+json\" class=\"yoast-schema-graph\">{\"@context\":\"https:\/\/schema.org\",\"@graph\":[{\"@type\":\"WebPage\",\"@id\":\"https:\/\/www.mautervillas.fr\/blog\/minorque-en-groupe-idees-hebergements\/\",\"url\":\"https:\/\/www.mautervillas.fr\/blog\/minorque-en-groupe-idees-hebergements\/\",\"name\":\"Minorque en groupe | Id\u00e9es d\u2019activit\u00e9s et o\u00f9 loger\",\"isPartOf\":{\"@id\":\"https:\/\/www.mautervillas.fr\/blog\/#website\"},\"datePublished\":\"2025-08-19T13:04:02+00:00\",\"dateModified\":\"2025-08-19T13:04:33+00:00\",\"author\":{\"@id\":\"https:\/\/www.mautervillas.fr\/blog\/#\/schema\/person\/54cf2feb092752231f0ca767e13effee\"},\"description\":\"Top id\u00e9es pour profiter de Minorque en groupe : villas, excursions, bateau, march\u00e9s et couchers de soleil inoubliables.\",\"breadcrumb\":{\"@id\":\"https:\/\/www.mautervillas.fr\/blog\/minorque-en-groupe-idees-hebergements\/#breadcrumb\"},\"inLanguage\":\"fr-FR\",\"potentialAction\":[{\"@type\":\"ReadAction\",\"target\":[\"https:\/\/www.mautervillas.fr\/blog\/minorque-en-groupe-idees-hebergements\/\"]}]},{\"@type\":\"BreadcrumbList\",\"@id\":\"https:\/\/www.mautervillas.fr\/blog\/minorque-en-groupe-idees-hebergements\/#breadcrumb\",\"itemListElement\":[{\"@type\":\"ListItem\",\"position\":1,\"name\":\"Portada\",\"item\":\"https:\/\/www.mautervillas.fr\/blog\/\"},{\"@type\":\"ListItem\",\"position\":2,\"name\":\"Id\u00e9es pour visiter Minorque en groupe\"}]},{\"@type\":\"WebSite\",\"@id\":\"https:\/\/www.mautervillas.fr\/blog\/#website\",\"url\":\"https:\/\/www.mautervillas.fr\/blog\/\",\"name\":\"Mauter Villas\",\"description\":\"Mautervillas\",\"potentialAction\":[{\"@type\":\"SearchAction\",\"target\":{\"@type\":\"EntryPoint\",\"urlTemplate\":\"https:\/\/www.mautervillas.fr\/blog\/?s={search_term_string}\"},\"query-input\":\"required name=search_term_string\"}],\"inLanguage\":\"fr-FR\"},{\"@type\":\"Person\",\"@id\":\"https:\/\/www.mautervillas.fr\/blog\/#\/schema\/person\/54cf2feb092752231f0ca767e13effee\",\"name\":\"mautervillas\",\"image\":{\"@type\":\"ImageObject\",\"inLanguage\":\"fr-FR\",\"@id\":\"https:\/\/www.mautervillas.fr\/blog\/#\/schema\/person\/image\/\",\"url\":\"https:\/\/secure.gravatar.com\/avatar\/b4995f53b9941a4c2f7ad71dd46886c21ceca85a6a231dad5441008abeed428c?s=96&d=mm&r=g\",\"contentUrl\":\"https:\/\/secure.gravatar.com\/avatar\/b4995f53b9941a4c2f7ad71dd46886c21ceca85a6a231dad5441008abeed428c?s=96&d=mm&r=g\",\"caption\":\"mautervillas\"},\"url\":\"https:\/\/www.mautervillas.fr\/blog\/author\/mautervillas\/\"}]}<\/script>\n<!-- \/ Yoast SEO plugin. -->","yoast_head_json":{"title":"Minorque en groupe | Id\u00e9es d\u2019activit\u00e9s et o\u00f9 loger","description":"Top id\u00e9es pour profiter de Minorque en groupe : villas, excursions, bateau, march\u00e9s et couchers de soleil inoubliables.","robots":{"index":"index","follow":"follow","max-snippet":"max-snippet:-1","max-image-preview":"max-image-preview:large","max-video-preview":"max-video-preview:-1"},"canonical":"https:\/\/www.mautervillas.fr\/blog\/minorque-en-groupe-idees-hebergements\/","og_locale":"fr_FR","og_type":"article","og_title":"Minorque en groupe | Id\u00e9es d\u2019activit\u00e9s et o\u00f9 loger","og_description":"Top id\u00e9es pour profiter de Minorque en groupe : villas, excursions, bateau, march\u00e9s et couchers de soleil inoubliables.","og_url":"https:\/\/www.mautervillas.fr\/blog\/minorque-en-groupe-idees-hebergements\/","og_site_name":"Mauter Villas","article_published_time":"2025-08-19T13:04:02+00:00","article_modified_time":"2025-08-19T13:04:33+00:00","og_image":[{"width":1400,"height":788,"url":"https:\/\/www.mautervillas.fr\/blog\/wp-content\/uploads\/2025\/08\/cami-de-cavalls-menorca.webp","type":"image\/webp"}],"author":"mautervillas","twitter_card":"summary_large_image","twitter_misc":{"\u00c9crit par":"mautervillas","Dur\u00e9e de lecture estim\u00e9e":"8 minutes"},"schema":{"@context":"https:\/\/schema.org","@graph":[{"@type":"WebPage","@id":"https:\/\/www.mautervillas.fr\/blog\/minorque-en-groupe-idees-hebergements\/","url":"https:\/\/www.mautervillas.fr\/blog\/minorque-en-groupe-idees-hebergements\/","name":"Minorque en groupe | Id\u00e9es d\u2019activit\u00e9s et o\u00f9 loger","isPartOf":{"@id":"https:\/\/www.mautervillas.fr\/blog\/#website"},"datePublished":"2025-08-19T13:04:02+00:00","dateModified":"2025-08-19T13:04:33+00:00","author":{"@id":"https:\/\/www.mautervillas.fr\/blog\/#\/schema\/person\/54cf2feb092752231f0ca767e13effee"},"description":"Top id\u00e9es pour profiter de Minorque en groupe : villas, excursions, bateau, march\u00e9s et couchers de soleil inoubliables.","breadcrumb":{"@id":"https:\/\/www.mautervillas.fr\/blog\/minorque-en-groupe-idees-hebergements\/#breadcrumb"},"inLanguage":"fr-FR","potentialAction":[{"@type":"ReadAction","target":["https:\/\/www.mautervillas.fr\/blog\/minorque-en-groupe-idees-hebergements\/"]}]},{"@type":"BreadcrumbList","@id":"https:\/\/www.mautervillas.fr\/blog\/minorque-en-groupe-idees-hebergements\/#breadcrumb","itemListElement":[{"@type":"ListItem","position":1,"name":"Portada","item":"https:\/\/www.mautervillas.fr\/blog\/"},{"@type":"ListItem","position":2,"name":"Id\u00e9es pour visiter Minorque en groupe"}]},{"@type":"WebSite","@id":"https:\/\/www.mautervillas.fr\/blog\/#website","url":"https:\/\/www.mautervillas.fr\/blog\/","name":"Mauter Villas","description":"Mautervillas","potentialAction":[{"@type":"SearchAction","target":{"@type":"EntryPoint","urlTemplate":"https:\/\/www.mautervillas.fr\/blog\/?s={search_term_string}"},"query-input":"required name=search_term_string"}],"inLanguage":"fr-FR"},{"@type":"Person","@id":"https:\/\/www.mautervillas.fr\/blog\/#\/schema\/person\/54cf2feb092752231f0ca767e13effee","name":"mautervillas","image":{"@type":"ImageObject","inLanguage":"fr-FR","@id":"https:\/\/www.mautervillas.fr\/blog\/#\/schema\/person\/image\/","url":"https:\/\/secure.gravatar.com\/avatar\/b4995f53b9941a4c2f7ad71dd46886c21ceca85a6a231dad5441008abeed428c?s=96&d=mm&r=g","contentUrl":"https:\/\/secure.gravatar.com\/avatar\/b4995f53b9941a4c2f7ad71dd46886c21ceca85a6a231dad5441008abeed428c?s=96&d=mm&r=g","caption":"mautervillas"},"url":"https:\/\/www.mautervillas.fr\/blog\/author\/mautervillas\/"}]}},"amp_enabled":true,"_links":{"self":[{"href":"https:\/\/www.mautervillas.fr\/blog\/wp-json\/wp\/v2\/posts\/1392","targetHints":{"allow":["GET"]}}],"collection":[{"href":"https:\/\/www.mautervillas.fr\/blog\/wp-json\/wp\/v2\/posts"}],"about":[{"href":"https:\/\/www.mautervillas.fr\/blog\/wp-json\/wp\/v2\/types\/post"}],"author":[{"embeddable":true,"href":"https:\/\/www.mautervillas.fr\/blog\/wp-json\/wp\/v2\/users\/2"}],"replies":[{"embeddable":true,"href":"https:\/\/www.mautervillas.fr\/blog\/wp-json\/wp\/v2\/comments?post=1392"}],"version-history":[{"count":1,"href":"https:\/\/www.mautervillas.fr\/blog\/wp-json\/wp\/v2\/posts\/1392\/revisions"}],"predecessor-version":[{"id":1393,"href":"https:\/\/www.mautervillas.fr\/blog\/wp-json\/wp\/v2\/posts\/1392\/revisions\/1393"}],"wp:featuredmedia":[{"embeddable":true,"href":"https:\/\/www.mautervillas.fr\/blog\/wp-json\/wp\/v2\/media\/1388"}],"wp:attachment":[{"href":"https:\/\/www.mautervillas.fr\/blog\/wp-json\/wp\/v2\/media?parent=1392"}],"wp:term":[{"taxonomy":"category","embeddable":true,"href":"https:\/\/www.mautervillas.fr\/blog\/wp-json\/wp\/v2\/categories?post=1392"},{"taxonomy":"post_tag","embeddable":true,"href":"https:\/\/www.mautervillas.fr\/blog\/wp-json\/wp\/v2\/tags?post=1392"}],"curies":[{"name":"wp","href":"https:\/\/api.w.org\/{rel}","templated":true}]}}