{"id":1503,"date":"2026-01-24T12:33:44","date_gmt":"2026-01-24T11:33:44","guid":{"rendered":"https:\/\/www.mautervillas.es\/blog\/?p=1503"},"modified":"2026-01-24T12:33:46","modified_gmt":"2026-01-24T11:33:46","slug":"vacances-famille-cala-blanca-minorque","status":"publish","type":"post","link":"https:\/\/www.mautervillas.fr\/blog\/vacances-famille-cala-blanca-minorque\/","title":{"rendered":"Vacances en famille \u00e0 Cala Blanca : h\u00e9bergement, activit\u00e9s et criques s\u00fbres"},"content":{"rendered":"\n<p class=\"wp-block-paragraph\">Vous cherchez une destination o\u00f9 les vacances en famille se d\u00e9roulent naturellement (sans disputes, sans courir partout et sans improviser chaque jour) ?<\/p>\n\n\n\n<p class=\"wp-block-paragraph\">Cala Blanca est un excellent choix.<\/p>\n\n\n\n<p class=\"wp-block-paragraph\">C\u2019est une zone confortable, avec une plage facile d\u2019acc\u00e8s, de courtes distances et de nombreuses options pour combiner des matin\u00e9es \u00e0 la plage avec de super plans familiaux l\u2019apr\u00e8s-midi \u2014 sans avoir \u00e0 traverser la moiti\u00e9 de l\u2019\u00eele.<\/p>\n\n\n\n<p class=\"wp-block-paragraph\">Nous vous expliquons tout dans ce guide.<\/p>\n\n\n\n<div style=\"height:69px\" aria-hidden=\"true\" class=\"wp-block-spacer\"><\/div>\n\n\n\n<h2 class=\"wp-block-heading\">Pourquoi Cala Blanca est id\u00e9ale pour les familles avec enfants<\/h2>\n\n\n\n<figure class=\"wp-block-image size-large\"><img loading=\"lazy\" decoding=\"async\" width=\"1400\" height=\"630\" src=\"https:\/\/www.mautervillas.es\/blog\/wp-content\/uploads\/2026\/01\/cala-blanca-con-ninos-02-1400x630.webp\" alt=\"\" class=\"wp-image-1497\"\/><\/figure>\n\n\n\n<p class=\"wp-block-paragraph\">Cala Blanca se situe au sud-ouest de Minorque, tout pr\u00e8s de Ciutadella, et cela se ressent imm\u00e9diatement : services, supermarch\u00e9s, zones agr\u00e9ables pour se promener et une ambiance parfaite pour les familles.<\/p>\n\n\n\n<p class=\"wp-block-paragraph\">Ce n\u2019est pas un endroit o\u00f9 l\u2019on d\u00e9pend constamment de la voiture, ce qui est un vrai plus lorsqu\u2019on voyage avec des enfants.<\/p>\n\n\n\n<p class=\"wp-block-paragraph\">La plage principale est facile d\u2019acc\u00e8s, avec du sable et une entr\u00e9e dans l\u2019eau tr\u00e8s douce.<\/p>\n\n\n\n<p class=\"wp-block-paragraph\">Il y a g\u00e9n\u00e9ralement une zone de baignade d\u00e9limit\u00e9e, ce qui apporte une vraie tranquillit\u00e9 d\u2019esprit quand on est avec de jeunes enfants.<\/p>\n\n\n\n<p class=\"wp-block-paragraph\">Autre point fort : il est tr\u00e8s simple d\u2019organiser la journ\u00e9e.<\/p>\n\n\n\n<p class=\"wp-block-paragraph\">Plage le matin, retour au logement pour d\u00e9jeuner ou faire la sieste \u00e0 midi, puis promenade, glace ou activit\u00e9 en famille l\u2019apr\u00e8s-midi.<\/p>\n\n\n\n<p class=\"wp-block-paragraph\">Tout est proche. Tout est facile.<\/p>\n\n\n\n<div style=\"height:69px\" aria-hidden=\"true\" class=\"wp-block-spacer\"><\/div>\n\n\n\n<h2 class=\"wp-block-heading\"><strong>H\u00e9bergements familiaux \u00e0 Cala Blanca<\/strong><\/h2>\n\n\n\n<p class=\"wp-block-paragraph\">Lorsque l\u2019on voyage avec des enfants, le choix de l\u2019h\u00e9bergement est essentiel.<\/p>\n\n\n\n<p class=\"wp-block-paragraph\">L\u2019id\u00e9al est d\u2019opter pour un appartement familial ou une villa priv\u00e9e, avec une cuisine, de l\u2019espace, une machine \u00e0 laver et cette libert\u00e9 que les h\u00f4tels n\u2019offrent pas toujours.<\/p>\n\n\n\n<p class=\"wp-block-paragraph\">\u00c0 Cala Blanca, une routine simple fonctionne parfaitement : petit-d\u00e9jeuner tranquille, sac de plage pr\u00eat, retour pour une douche rapide et un d\u00e9jeuner en famille.<\/p>\n\n\n\n<p class=\"wp-block-paragraph\">Et pendant que les enfants se reposent, vous profitez de la terrasse, du salon et du calme pour vraiment d\u00e9connecter.<\/p>\n\n\n\n<p class=\"wp-block-paragraph\">Pour partir l\u2019esprit tranquille, nous vous recommandons ces appartements et villas parfaitement adapt\u00e9s aux familles :<\/p>\n\n\n\n<h3 class=\"wp-block-heading\"><a href=\"https:\/\/www.mautervillas.fr\/location\/villa-cala-blanca-menorca-cleo-299830.html\">Menorca Cleo<\/a><\/h3>\n\n\n\n<p class=\"wp-block-paragraph\">Cette villa de plain-pied est id\u00e9ale pour les familles \u00e0 la recherche de confort, de tranquillit\u00e9 et d\u2019espace pour profiter ensemble de Minorque.<\/p>\n\n\n\n<p class=\"wp-block-paragraph\">Pouvant accueillir jusqu\u2019\u00e0 6 personnes, elle offre un environnement paisible et s\u00e9curis\u00e9, parfait pour un s\u00e9jour avec enfants.<\/p>\n\n\n\n<p class=\"wp-block-paragraph\">La piscine priv\u00e9e avec escaliers romains garantit des heures de plaisir sans quitter la maison, tandis que la pelouse et l\u2019espace barbecue pr\u00e8s de la piscine sont parfaits pour les repas en plein air en famille.<\/p>\n\n\n\n<p class=\"wp-block-paragraph\">\u00c0 l\u2019int\u00e9rieur, la villa est spacieuse, lumineuse et enti\u00e8rement \u00e9quip\u00e9e, avec la climatisation dans toutes les chambres et le Wi-Fi.<\/p>\n\n\n\n<p class=\"wp-block-paragraph\">Elle se trouve \u00e9galement \u00e0 seulement 800 m\u00e8tres d\u2019une plage de sable, ce qui permet de profiter des journ\u00e9es plage sans longs d\u00e9placements.<\/p>\n\n\n\n<h3 class=\"wp-block-heading\"><a href=\"https:\/\/www.mautervillas.fr\/location\/appartement-cala-blanca-apartamento-a1-mar-blanca-675638.html\">Appartement A1 Mar Blanca<\/a><\/h3>\n\n\n\n<p class=\"wp-block-paragraph\">Un appartement pens\u00e9 pour les familles qui souhaitent avoir la plage \u00e0 deux pas.<\/p>\n\n\n\n<p class=\"wp-block-paragraph\">\u00c0 seulement 100 m\u00e8tres du sable et avec une piscine communautaire dot\u00e9e d\u2019une zone peu profonde pour les enfants, c\u2019est un h\u00e9bergement id\u00e9al pour voyager sereinement avec des petits.<\/p>\n\n\n\n<p class=\"wp-block-paragraph\">R\u00e9cemment r\u00e9nov\u00e9, avec des matelas et du mobilier neufs, il offre un excellent confort apr\u00e8s une journ\u00e9e \u00e0 la plage.<\/p>\n\n\n\n<p class=\"wp-block-paragraph\">La climatisation dans les chambres et le Wi-Fi apportent ce suppl\u00e9ment de confort si appr\u00e9ci\u00e9 en vacances.<\/p>\n\n\n\n<p class=\"wp-block-paragraph\">Un arr\u00eat de bus se trouve \u00e0 seulement 10 m\u00e8tres, parfait pour limiter l\u2019usage de la voiture.<\/p>\n\n\n\n<p class=\"wp-block-paragraph\">Pratique, confortable et id\u00e9alement situ\u00e9 pour profiter de Cala Blanca en famille.<\/p>\n\n\n\n<h3 class=\"wp-block-heading\"><a href=\"https:\/\/www.mautervillas.fr\/location\/appartement-cala-blanca-apartamentos-monsines-13-c-415350.html\">Appartements Monsines 13 C<\/a><\/h3>\n\n\n\n<p class=\"wp-block-paragraph\">Cet appartement est une option tr\u00e8s chaleureuse pour les petites familles recherchant calme et intimit\u00e9.<\/p>\n\n\n\n<p class=\"wp-block-paragraph\">Faisant partie d\u2019un petit ensemble de seulement trois appartements, la piscine commune est beaucoup plus tranquille et s\u00e9curis\u00e9e pour les enfants.<\/p>\n\n\n\n<p class=\"wp-block-paragraph\">La terrasse couverte avec barbecue est parfaite pour les repas en plein air avec vue directe sur la piscine \u2014 pratique et agr\u00e9able en voyage familial.<\/p>\n\n\n\n<p class=\"wp-block-paragraph\">La salle de bain a \u00e9t\u00e9 r\u00e9nov\u00e9e et la climatisation ajout\u00e9e pour am\u00e9liorer le confort dans toutes les pi\u00e8ces.<\/p>\n\n\n\n<h3 class=\"wp-block-heading\"><a href=\"https:\/\/www.mautervillas.fr\/location\/appartement-cala-blanca-apartamento-fona-524733.html\">Appartement Fona<\/a><\/h3>\n\n\n\n<p class=\"wp-block-paragraph\">Un excellent choix pour les familles qui souhaitent oublier la voiture pendant les vacances.<\/p>\n\n\n\n<p class=\"wp-block-paragraph\">Son emplacement est l\u2019un de ses grands atouts : \u00e0 200 m\u00e8tres de la plage, tout pr\u00e8s du supermarch\u00e9 et avec des restaurants en bord de mer accessibles \u00e0 pied.<\/p>\n\n\n\n<p class=\"wp-block-paragraph\">La piscine communautaire et la grande terrasse vous feront souvent h\u00e9siter entre plage et d\u00e9tente \u00e0 la maison.<\/p>\n\n\n\n<p class=\"wp-block-paragraph\">L\u2019appartement dispose \u00e9galement de la climatisation et du Wi-Fi, et se trouve tr\u00e8s pr\u00e8s du Cam\u00ed de Cavalls, id\u00e9al pour une promenade familiale plus naturelle et paisible.<\/p>\n\n\n\n<h3 class=\"wp-block-heading\"><a href=\"https:\/\/www.mautervillas.fr\/location\/appartement-cala-blanca-apartamento-palmeras-6-131162.html\">Appartement Palmeras 6<\/a><\/h3>\n\n\n\n<p class=\"wp-block-paragraph\">Cet appartement est tr\u00e8s bien situ\u00e9 pour profiter des nombreuses activit\u00e9s familiales propos\u00e9es par l\u2019\u00eele.<\/p>\n\n\n\n<p class=\"wp-block-paragraph\">Il dispose d\u2019une terrasse priv\u00e9e et d\u2019un jardin commun, parfaits pour que les enfants jouent en plein air, ainsi que d\u2019une grande piscine communautaire pour se rafra\u00eechir en \u00e9t\u00e9.<\/p>\n\n\n\n<p class=\"wp-block-paragraph\">La climatisation dans le salon et la chambre principale garantit un confort optimal pendant les moments de repos.<\/p>\n\n\n\n<p class=\"wp-block-paragraph\">Vous pourrez rejoindre facilement \u00e0 pied les plages de Cala Santandria et de Cala Blanca.<\/p>\n\n\n\n<p class=\"wp-block-paragraph\">Il est \u00e9galement proche des supermarch\u00e9s, restaurants et parcs aquatiques comme AquaRock et AquaPark Cala\u2019n Blanes.<\/p>\n\n\n\n<div style=\"height:69px\" aria-hidden=\"true\" class=\"wp-block-spacer\"><\/div>\n\n\n\n<h2 class=\"wp-block-heading\">Criques s\u00fbres pr\u00e8s de Cala Blanca pour aller avec des enfants<\/h2>\n\n\n\n<figure class=\"wp-block-image size-large\"><img loading=\"lazy\" decoding=\"async\" width=\"1400\" height=\"630\" src=\"https:\/\/www.mautervillas.es\/blog\/wp-content\/uploads\/2026\/01\/cala-blanca-con-ninos-04-1400x630.webp\" alt=\"\" class=\"wp-image-1494\"\/><\/figure>\n\n\n\n<p class=\"wp-block-paragraph\">\u2019un des grands avantages de Cala Blanca est la proximit\u00e9 de plusieurs criques, ce qui permet de varier les plans sans transformer la journ\u00e9e en excursion interminable.<\/p>\n\n\n\n<p class=\"wp-block-paragraph\">Si vous souhaitez changer d\u2019ambiance, Cala Santandria est toute proche et tr\u00e8s adapt\u00e9e aux familles.<\/p>\n\n\n\n<p class=\"wp-block-paragraph\">Un peu plus loin, Cala en Blanes ou Cala en Forcat sont \u00e0 quelques minutes et conviennent parfaitement pour de courtes sorties plage.<\/p>\n\n\n\n<p class=\"wp-block-paragraph\">Pour une journ\u00e9e sp\u00e9ciale, avec la voiture et une vraie organisation, vous pouvez aller vers les c\u00e9l\u00e8bres criques du sud comme Macarella ou Cala Turqueta.<\/p>\n\n\n\n<p class=\"wp-block-paragraph\">Attention toutefois : ici, la logistique change \u2014 parking, marche \u00e0 pied et horaires sont \u00e0 prendre en compte.<\/p>\n\n\n\n<p class=\"wp-block-paragraph\">Si vous y allez, faites-en le plan principal de la journ\u00e9e, et non une visite rapide.<\/p>\n\n\n\n<div style=\"height:69px\" aria-hidden=\"true\" class=\"wp-block-spacer\"><\/div>\n\n\n\n<h2 class=\"wp-block-heading\">Activit\u00e9s familiales au-del\u00e0 de la plage<\/h2>\n\n\n\n<figure class=\"wp-block-image size-large\"><img loading=\"lazy\" decoding=\"async\" width=\"1400\" height=\"630\" src=\"https:\/\/www.mautervillas.es\/blog\/wp-content\/uploads\/2026\/01\/cala-blanca-con-ninos-03-1400x630.webp\" alt=\"\" class=\"wp-image-1491\"\/><\/figure>\n\n\n\n<p class=\"wp-block-paragraph\">Quand les enfants se lassent de la plage (oui, \u00e7a arrive), il est toujours bon d\u2019avoir un plan B.<\/p>\n\n\n\n<p class=\"wp-block-paragraph\">Pr\u00e8s de Cala Blanca, Ciutadella est une valeur s\u00fbre : promenade dans le port, glace, rues commer\u00e7antes, ambiance agr\u00e9able en fin de journ\u00e9e et d\u00eener facile sans trop r\u00e9fl\u00e9chir.<\/p>\n\n\n\n<p class=\"wp-block-paragraph\">Un autre plan qui fonctionne tr\u00e8s bien avec les enfants est Aquarock, \u00e0 Cala\u2019n Bosch.<\/p>\n\n\n\n<p class=\"wp-block-paragraph\">Si votre famille a besoin de se d\u00e9fouler, c\u2019est l\u2019endroit id\u00e9al avec ses toboggans, piscines et zones de jeux aquatiques.<\/p>\n\n\n\n<p class=\"wp-block-paragraph\">Parfait pour un apr\u00e8s-midi nuageux ou une journ\u00e9e de forte chaleur.<\/p>\n\n\n\n<p class=\"wp-block-paragraph\">Et si vous cherchez quelque chose de diff\u00e9rent, le Cam\u00ed de Cavalls propose des tron\u00e7ons faciles \u00e0 parcourir avec des enfants.<\/p>\n\n\n\n<div style=\"height:69px\" aria-hidden=\"true\" class=\"wp-block-spacer\"><\/div>\n\n\n\n<h2 class=\"wp-block-heading\">O\u00f9 manger \u00e0 Cala Blanca avec des enfants<\/h2>\n\n\n\n<p class=\"wp-block-paragraph\">Nous vous conseillons de privil\u00e9gier les restaurants avec terrasse, des plats simples et des portions \u00e0 partager.<\/p>\n\n\n\n<p class=\"wp-block-paragraph\">Si vous s\u00e9journez dans un appartement ou une villa comme ceux que nous recommandons, cela devient encore plus facile.<\/p>\n\n\n\n<p class=\"wp-block-paragraph\">Profitez des repas comme \u00e0 la maison et d\u00e9tendez-vous : pas de r\u00e9servations, pas d\u2019attente\u2026 juste vous et votre famille dans une villa id\u00e9ale.<\/p>\n\n\n\n<p class=\"wp-block-paragraph\">Et apr\u00e8s le repas, une baignade rafra\u00eechissante dans votre piscine priv\u00e9e.<\/p>\n\n\n\n<p class=\"wp-block-paragraph\">Cette flexibilit\u00e9 se ressent dans tout : horaires, repos, d\u00eeners sans stress et z\u00e9ro discussion pour choisir o\u00f9 manger.<\/p>\n\n\n\n<div style=\"height:69px\" aria-hidden=\"true\" class=\"wp-block-spacer\"><\/div>\n\n\n\n<h2 class=\"wp-block-heading\">Vos vacances en famille \u00e0 Cala Blanca avec Mauter Villas<\/h2>\n\n\n\n<p class=\"wp-block-paragraph\">Imaginez des plages confortables, des criques proches, des activit\u00e9s pour enfants et une villa de r\u00eave pour explorer la r\u00e9gion de Ciutadella sans stress.<\/p>\n\n\n\n<p class=\"wp-block-paragraph\">Si vous souhaitez que l\u2019exp\u00e9rience soit vraiment compl\u00e8te, notre recommandation est claire : choisissez un appartement familial ou une villa priv\u00e9e offrant espace et libert\u00e9.<\/p>\n\n\n\n<p class=\"wp-block-paragraph\">Et si vous souhaitez d\u00e9couvrir des options concr\u00e8tes, vous trouverez ci-dessus des liens directs vers des appartements et villas parfaits pour toute la famille.<\/p>\n\n\n\n<p class=\"wp-block-paragraph\">\u00c0 Minorque, c\u2019est d\u00e9j\u00e0 la moiti\u00e9 du voyage gagn\u00e9e.<\/p>\n\n\n\n<p class=\"wp-block-paragraph\">Nous vous attendons pour vos prochaines vacances en famille.<\/p>\n\n\n\n<div style=\"height:69px\" aria-hidden=\"true\" class=\"wp-block-spacer\"><\/div>\n","protected":false},"excerpt":{"rendered":"<p>Vous cherchez une destination o\u00f9 les vacances en famille se d\u00e9roulent naturellement (sans disputes, sans courir partout et sans improviser&#8230;<\/p>\n","protected":false},"author":2,"featured_media":1490,"comment_status":"open","ping_status":"closed","sticky":false,"template":"","format":"standard","meta":{"footnotes":""},"categories":[20],"tags":[],"class_list":["post-1503","post","type-post","status-publish","format-standard","has-post-thumbnail","hentry","category-non-classifiee"],"yoast_head":"<!-- This site is optimized with the Yoast SEO plugin v20.6 - https:\/\/yoast.com\/wordpress\/plugins\/seo\/ -->\n<title>Vacances en famille \u00e0 Cala Blanca : plages et h\u00e9bergements - Mauter Villas<\/title>\n<meta name=\"description\" content=\"D\u00e9couvrez Cala Blanca \u00e0 Minorque pour des vacances en famille : plages s\u00fbres, criques proches, h\u00e9bergements adapt\u00e9s et activit\u00e9s sans stress.\" \/>\n<meta name=\"robots\" content=\"index, follow, max-snippet:-1, max-image-preview:large, max-video-preview:-1\" \/>\n<link rel=\"canonical\" href=\"https:\/\/www.mautervillas.fr\/blog\/vacances-famille-cala-blanca-minorque\/\" \/>\n<meta property=\"og:locale\" content=\"fr_FR\" \/>\n<meta property=\"og:type\" content=\"article\" \/>\n<meta property=\"og:title\" content=\"Vacances en famille \u00e0 Cala Blanca : plages et h\u00e9bergements - Mauter Villas\" \/>\n<meta property=\"og:description\" content=\"D\u00e9couvrez Cala Blanca \u00e0 Minorque pour des vacances en famille : plages s\u00fbres, criques proches, h\u00e9bergements adapt\u00e9s et activit\u00e9s sans stress.\" \/>\n<meta property=\"og:url\" content=\"https:\/\/www.mautervillas.fr\/blog\/vacances-famille-cala-blanca-minorque\/\" \/>\n<meta property=\"og:site_name\" content=\"Mauter Villas\" \/>\n<meta property=\"article:published_time\" content=\"2026-01-24T11:33:44+00:00\" \/>\n<meta property=\"article:modified_time\" content=\"2026-01-24T11:33:46+00:00\" \/>\n<meta property=\"og:image\" content=\"https:\/\/www.mautervillas.fr\/blog\/wp-content\/uploads\/2026\/01\/cala-blanca-con-ninos-01.webp\" \/>\n\t<meta property=\"og:image:width\" content=\"1400\" \/>\n\t<meta property=\"og:image:height\" content=\"764\" \/>\n\t<meta property=\"og:image:type\" content=\"image\/webp\" \/>\n<meta name=\"author\" content=\"mautervillas\" \/>\n<meta name=\"twitter:card\" content=\"summary_large_image\" \/>\n<meta name=\"twitter:label1\" content=\"\u00c9crit par\" \/>\n\t<meta name=\"twitter:data1\" content=\"mautervillas\" \/>\n\t<meta name=\"twitter:label2\" content=\"Dur\u00e9e de lecture estim\u00e9e\" \/>\n\t<meta name=\"twitter:data2\" content=\"8 minutes\" \/>\n<script type=\"application\/ld+json\" class=\"yoast-schema-graph\">{\"@context\":\"https:\/\/schema.org\",\"@graph\":[{\"@type\":\"WebPage\",\"@id\":\"https:\/\/www.mautervillas.fr\/blog\/vacances-famille-cala-blanca-minorque\/\",\"url\":\"https:\/\/www.mautervillas.fr\/blog\/vacances-famille-cala-blanca-minorque\/\",\"name\":\"Vacances en famille \u00e0 Cala Blanca : plages et h\u00e9bergements - Mauter Villas\",\"isPartOf\":{\"@id\":\"https:\/\/www.mautervillas.fr\/blog\/#website\"},\"datePublished\":\"2026-01-24T11:33:44+00:00\",\"dateModified\":\"2026-01-24T11:33:46+00:00\",\"author\":{\"@id\":\"https:\/\/www.mautervillas.fr\/blog\/#\/schema\/person\/54cf2feb092752231f0ca767e13effee\"},\"description\":\"D\u00e9couvrez Cala Blanca \u00e0 Minorque pour des vacances en famille : plages s\u00fbres, criques proches, h\u00e9bergements adapt\u00e9s et activit\u00e9s sans stress.\",\"breadcrumb\":{\"@id\":\"https:\/\/www.mautervillas.fr\/blog\/vacances-famille-cala-blanca-minorque\/#breadcrumb\"},\"inLanguage\":\"fr-FR\",\"potentialAction\":[{\"@type\":\"ReadAction\",\"target\":[\"https:\/\/www.mautervillas.fr\/blog\/vacances-famille-cala-blanca-minorque\/\"]}]},{\"@type\":\"BreadcrumbList\",\"@id\":\"https:\/\/www.mautervillas.fr\/blog\/vacances-famille-cala-blanca-minorque\/#breadcrumb\",\"itemListElement\":[{\"@type\":\"ListItem\",\"position\":1,\"name\":\"Portada\",\"item\":\"https:\/\/www.mautervillas.fr\/blog\/\"},{\"@type\":\"ListItem\",\"position\":2,\"name\":\"Vacances en famille \u00e0 Cala Blanca : h\u00e9bergement, activit\u00e9s et criques s\u00fbres\"}]},{\"@type\":\"WebSite\",\"@id\":\"https:\/\/www.mautervillas.fr\/blog\/#website\",\"url\":\"https:\/\/www.mautervillas.fr\/blog\/\",\"name\":\"Mauter Villas\",\"description\":\"Mautervillas\",\"potentialAction\":[{\"@type\":\"SearchAction\",\"target\":{\"@type\":\"EntryPoint\",\"urlTemplate\":\"https:\/\/www.mautervillas.fr\/blog\/?s={search_term_string}\"},\"query-input\":\"required name=search_term_string\"}],\"inLanguage\":\"fr-FR\"},{\"@type\":\"Person\",\"@id\":\"https:\/\/www.mautervillas.fr\/blog\/#\/schema\/person\/54cf2feb092752231f0ca767e13effee\",\"name\":\"mautervillas\",\"image\":{\"@type\":\"ImageObject\",\"inLanguage\":\"fr-FR\",\"@id\":\"https:\/\/www.mautervillas.fr\/blog\/#\/schema\/person\/image\/\",\"url\":\"https:\/\/secure.gravatar.com\/avatar\/b4995f53b9941a4c2f7ad71dd46886c21ceca85a6a231dad5441008abeed428c?s=96&d=mm&r=g\",\"contentUrl\":\"https:\/\/secure.gravatar.com\/avatar\/b4995f53b9941a4c2f7ad71dd46886c21ceca85a6a231dad5441008abeed428c?s=96&d=mm&r=g\",\"caption\":\"mautervillas\"},\"url\":\"https:\/\/www.mautervillas.fr\/blog\/author\/mautervillas\/\"}]}<\/script>\n<!-- \/ Yoast SEO plugin. -->","yoast_head_json":{"title":"Vacances en famille \u00e0 Cala Blanca : plages et h\u00e9bergements - Mauter Villas","description":"D\u00e9couvrez Cala Blanca \u00e0 Minorque pour des vacances en famille : plages s\u00fbres, criques proches, h\u00e9bergements adapt\u00e9s et activit\u00e9s sans stress.","robots":{"index":"index","follow":"follow","max-snippet":"max-snippet:-1","max-image-preview":"max-image-preview:large","max-video-preview":"max-video-preview:-1"},"canonical":"https:\/\/www.mautervillas.fr\/blog\/vacances-famille-cala-blanca-minorque\/","og_locale":"fr_FR","og_type":"article","og_title":"Vacances en famille \u00e0 Cala Blanca : plages et h\u00e9bergements - Mauter Villas","og_description":"D\u00e9couvrez Cala Blanca \u00e0 Minorque pour des vacances en famille : plages s\u00fbres, criques proches, h\u00e9bergements adapt\u00e9s et activit\u00e9s sans stress.","og_url":"https:\/\/www.mautervillas.fr\/blog\/vacances-famille-cala-blanca-minorque\/","og_site_name":"Mauter Villas","article_published_time":"2026-01-24T11:33:44+00:00","article_modified_time":"2026-01-24T11:33:46+00:00","og_image":[{"width":1400,"height":764,"url":"https:\/\/www.mautervillas.fr\/blog\/wp-content\/uploads\/2026\/01\/cala-blanca-con-ninos-01.webp","type":"image\/webp"}],"author":"mautervillas","twitter_card":"summary_large_image","twitter_misc":{"\u00c9crit par":"mautervillas","Dur\u00e9e de lecture estim\u00e9e":"8 minutes"},"schema":{"@context":"https:\/\/schema.org","@graph":[{"@type":"WebPage","@id":"https:\/\/www.mautervillas.fr\/blog\/vacances-famille-cala-blanca-minorque\/","url":"https:\/\/www.mautervillas.fr\/blog\/vacances-famille-cala-blanca-minorque\/","name":"Vacances en famille \u00e0 Cala Blanca : plages et h\u00e9bergements - Mauter Villas","isPartOf":{"@id":"https:\/\/www.mautervillas.fr\/blog\/#website"},"datePublished":"2026-01-24T11:33:44+00:00","dateModified":"2026-01-24T11:33:46+00:00","author":{"@id":"https:\/\/www.mautervillas.fr\/blog\/#\/schema\/person\/54cf2feb092752231f0ca767e13effee"},"description":"D\u00e9couvrez Cala Blanca \u00e0 Minorque pour des vacances en famille : plages s\u00fbres, criques proches, h\u00e9bergements adapt\u00e9s et activit\u00e9s sans stress.","breadcrumb":{"@id":"https:\/\/www.mautervillas.fr\/blog\/vacances-famille-cala-blanca-minorque\/#breadcrumb"},"inLanguage":"fr-FR","potentialAction":[{"@type":"ReadAction","target":["https:\/\/www.mautervillas.fr\/blog\/vacances-famille-cala-blanca-minorque\/"]}]},{"@type":"BreadcrumbList","@id":"https:\/\/www.mautervillas.fr\/blog\/vacances-famille-cala-blanca-minorque\/#breadcrumb","itemListElement":[{"@type":"ListItem","position":1,"name":"Portada","item":"https:\/\/www.mautervillas.fr\/blog\/"},{"@type":"ListItem","position":2,"name":"Vacances en famille \u00e0 Cala Blanca : h\u00e9bergement, activit\u00e9s et criques s\u00fbres"}]},{"@type":"WebSite","@id":"https:\/\/www.mautervillas.fr\/blog\/#website","url":"https:\/\/www.mautervillas.fr\/blog\/","name":"Mauter Villas","description":"Mautervillas","potentialAction":[{"@type":"SearchAction","target":{"@type":"EntryPoint","urlTemplate":"https:\/\/www.mautervillas.fr\/blog\/?s={search_term_string}"},"query-input":"required name=search_term_string"}],"inLanguage":"fr-FR"},{"@type":"Person","@id":"https:\/\/www.mautervillas.fr\/blog\/#\/schema\/person\/54cf2feb092752231f0ca767e13effee","name":"mautervillas","image":{"@type":"ImageObject","inLanguage":"fr-FR","@id":"https:\/\/www.mautervillas.fr\/blog\/#\/schema\/person\/image\/","url":"https:\/\/secure.gravatar.com\/avatar\/b4995f53b9941a4c2f7ad71dd46886c21ceca85a6a231dad5441008abeed428c?s=96&d=mm&r=g","contentUrl":"https:\/\/secure.gravatar.com\/avatar\/b4995f53b9941a4c2f7ad71dd46886c21ceca85a6a231dad5441008abeed428c?s=96&d=mm&r=g","caption":"mautervillas"},"url":"https:\/\/www.mautervillas.fr\/blog\/author\/mautervillas\/"}]}},"amp_enabled":true,"_links":{"self":[{"href":"https:\/\/www.mautervillas.fr\/blog\/wp-json\/wp\/v2\/posts\/1503","targetHints":{"allow":["GET"]}}],"collection":[{"href":"https:\/\/www.mautervillas.fr\/blog\/wp-json\/wp\/v2\/posts"}],"about":[{"href":"https:\/\/www.mautervillas.fr\/blog\/wp-json\/wp\/v2\/types\/post"}],"author":[{"embeddable":true,"href":"https:\/\/www.mautervillas.fr\/blog\/wp-json\/wp\/v2\/users\/2"}],"replies":[{"embeddable":true,"href":"https:\/\/www.mautervillas.fr\/blog\/wp-json\/wp\/v2\/comments?post=1503"}],"version-history":[{"count":2,"href":"https:\/\/www.mautervillas.fr\/blog\/wp-json\/wp\/v2\/posts\/1503\/revisions"}],"predecessor-version":[{"id":1505,"href":"https:\/\/www.mautervillas.fr\/blog\/wp-json\/wp\/v2\/posts\/1503\/revisions\/1505"}],"wp:featuredmedia":[{"embeddable":true,"href":"https:\/\/www.mautervillas.fr\/blog\/wp-json\/wp\/v2\/media\/1490"}],"wp:attachment":[{"href":"https:\/\/www.mautervillas.fr\/blog\/wp-json\/wp\/v2\/media?parent=1503"}],"wp:term":[{"taxonomy":"category","embeddable":true,"href":"https:\/\/www.mautervillas.fr\/blog\/wp-json\/wp\/v2\/categories?post=1503"},{"taxonomy":"post_tag","embeddable":true,"href":"https:\/\/www.mautervillas.fr\/blog\/wp-json\/wp\/v2\/tags?post=1503"}],"curies":[{"name":"wp","href":"https:\/\/api.w.org\/{rel}","templated":true}]}}