{"id":1590,"date":"2026-05-16T16:59:55","date_gmt":"2026-05-16T14:59:55","guid":{"rendered":"https:\/\/www.mautervillas.es\/blog\/?p=1590"},"modified":"2026-05-16T16:59:56","modified_gmt":"2026-05-16T14:59:56","slug":"reserver-villa-minorque-avance","status":"publish","type":"post","link":"https:\/\/www.mautervillas.fr\/blog\/reserver-villa-minorque-avance\/","title":{"rendered":"Les avantages de r\u00e9server votre villa \u00e0 Minorque \u00e0 l\u2019avance pour juillet et ao\u00fbt"},"content":{"rendered":"\n<p class=\"wp-block-paragraph\">Minorque en juillet et ao\u00fbt est une \u00eele compl\u00e8tement diff\u00e9rente.<\/p>\n\n\n\n<p class=\"wp-block-paragraph\">Pas diff\u00e9rente dans le mauvais sens du terme, mais diff\u00e9rente parce que tout fonctionne \u00e0 un autre niveau de demande, de prix et de disponibilit\u00e9.<\/p>\n\n\n\n<p class=\"wp-block-paragraph\">Le voyageur qui arrive \u00e0 Minorque en pleine haute saison en esp\u00e9rant trouver une villa de derni\u00e8re minute se trompe sur un point essentiel : penser que Minorque est une destination o\u00f9 l\u2019offre d\u2019h\u00e9bergement est illimit\u00e9e.<\/p>\n\n\n\n<p class=\"wp-block-paragraph\">Ce n\u2019est pas le cas.<\/p>\n\n\n\n<p class=\"wp-block-paragraph\">Les meilleures villas \u2014 celles avec piscine priv\u00e9e, jardin, bon emplacement et v\u00e9ritable espace pour profiter \u2014 sont r\u00e9serv\u00e9es plusieurs mois \u00e0 l\u2019avance.<\/p>\n\n\n\n<p class=\"wp-block-paragraph\">Et ce n\u2019est pas une formule toute faite : c\u2019est exactement ce que montrent les calendriers de disponibilit\u00e9 chaque ann\u00e9e.<\/p>\n\n\n\n<p class=\"wp-block-paragraph\">Ce guide vous explique pourquoi r\u00e9server t\u00f4t \u00e0 Minorque n\u2019est pas seulement une bonne id\u00e9e, mais probablement la d\u00e9cision la plus importante de toute l\u2019organisation de vos vacances.<\/p>\n\n\n\n<div style=\"height:55px\" aria-hidden=\"true\" class=\"wp-block-spacer\"><\/div>\n\n\n\n<h2 class=\"wp-block-heading\">La vraie disponibilit\u00e9 en juillet et ao\u00fbt : les meilleures villas partent en premier<\/h2>\n\n\n\n<figure class=\"wp-block-image size-large\"><img loading=\"lazy\" decoding=\"async\" width=\"1400\" height=\"630\" src=\"https:\/\/www.mautervillas.es\/blog\/wp-content\/uploads\/2026\/05\/la-villa-que-quieres-menorca-1400x630.webp\" alt=\"\" class=\"wp-image-1584\"\/><\/figure>\n\n\n\n<p class=\"wp-block-paragraph\">Le march\u00e9 de la location saisonni\u00e8re \u00e0 Minorque poss\u00e8de une caract\u00e9ristique bien connue de ceux qui connaissent l\u2019\u00eele : l\u2019offre de qualit\u00e9 est limit\u00e9e et la demande estivale est extr\u00eamement \u00e9lev\u00e9e.<\/p>\n\n\n\n<p class=\"wp-block-paragraph\">Le nombre de villas avec licence touristique sur l\u2019\u00eele est limit\u00e9, et parmi elles, celles qui r\u00e9unissent les crit\u00e8res recherch\u00e9s par les voyageurs exigeants \u2014 piscine priv\u00e9e, intimit\u00e9, grands espaces ext\u00e9rieurs et bon emplacement proche des criques ou des villages \u2014 sont encore plus rares.<\/p>\n\n\n\n<p class=\"wp-block-paragraph\">En pratique, les meilleures propri\u00e9t\u00e9s, celles qui suscitent le plus d\u2019int\u00e9r\u00eat, sont r\u00e9serv\u00e9es entre janvier et mars pour les s\u00e9jours de juillet et ao\u00fbt.<\/p>\n\n\n\n<p class=\"wp-block-paragraph\">Pas en avril. Pas en mai.<\/p>\n\n\n\n<p class=\"wp-block-paragraph\">D\u00e8s l\u2019ouverture des calendriers pour la saison suivante, les clients fid\u00e8les r\u00e9servent \u00e0 nouveau et les nouveaux voyageurs qui ont appris de leurs erreurs l\u2019ann\u00e9e pr\u00e9c\u00e9dente ne tardent pas.<\/p>\n\n\n\n<p class=\"wp-block-paragraph\">R\u00e9sultat : les personnes qui commencent \u00e0 chercher une villa \u00e0 Minorque pour juillet ou ao\u00fbt \u00e0 partir de mai ou juin se retrouvent avec un choix r\u00e9duit, compos\u00e9 en grande partie des h\u00e9bergements d\u00e9j\u00e0 \u00e9cart\u00e9s par les autres.<\/p>\n\n\n\n<p class=\"wp-block-paragraph\">Si vous pr\u00e9parez des vacances d\u2019\u00e9t\u00e9 \u00e0 Minorque, le bon moment pour r\u00e9server n\u2019est pas celui o\u00f9 tout est confirm\u00e9 \u00e0 cent pour cent.<\/p>\n\n\n\n<p class=\"wp-block-paragraph\">Le bon moment, c\u2019est le plus t\u00f4t possible.<\/p>\n\n\n\n<p class=\"wp-block-paragraph\">Perdre une excellente villa parce qu\u2019on a attendu quelques semaines de plus \u201cpour confirmer les dates\u201d est une situation qui se r\u00e9p\u00e8te chaque ann\u00e9e, et les voyageurs disent toujours la m\u00eame chose apr\u00e8s coup :<\/p>\n\n\n\n<p class=\"wp-block-paragraph\">\u201cOn aurait d\u00fb r\u00e9server plus t\u00f4t.\u201d<\/p>\n\n\n\n<div style=\"height:55px\" aria-hidden=\"true\" class=\"wp-block-spacer\"><\/div>\n\n\n\n<h2 class=\"wp-block-heading\">Le prix : r\u00e9server t\u00f4t permet souvent de faire des \u00e9conomies<\/h2>\n\n\n\n<p class=\"wp-block-paragraph\">\u00c0 Minorque, les prix des locations en haute saison sont les plus \u00e9lev\u00e9s de l\u2019ann\u00e9e. C\u2019est une r\u00e9alit\u00e9.<\/p>\n\n\n\n<p class=\"wp-block-paragraph\">Une villa de qualit\u00e9 en juillet ou ao\u00fbt affiche des tarifs qui refl\u00e8tent cette forte demande.<\/p>\n\n\n\n<p class=\"wp-block-paragraph\">Mais \u00e0 l\u2019int\u00e9rieur de ces tarifs, l\u2019anticipation joue un r\u00f4le important : beaucoup de villas proposent des prix plus avantageux pour les r\u00e9servations effectu\u00e9es plusieurs mois \u00e0 l\u2019avance, surtout lorsqu\u2019elles sont faites hors saison.<\/p>\n\n\n\n<p class=\"wp-block-paragraph\">Un autre point financier souvent n\u00e9glig\u00e9 concerne les vols.<\/p>\n\n\n\n<p class=\"wp-block-paragraph\">Les vols vers Minorque en juillet \u2014 et surtout en ao\u00fbt \u2014 augmentent fortement \u00e0 mesure que les dates approchent.<\/p>\n\n\n\n<p class=\"wp-block-paragraph\">R\u00e9server d\u2019abord votre h\u00e9bergement (ce qui fixe pr\u00e9cis\u00e9ment vos dates de voyage) vous permet aussi de r\u00e9server les vols suffisamment t\u00f4t pour obtenir de meilleurs tarifs.<\/p>\n\n\n\n<p class=\"wp-block-paragraph\">Ceux qui attendent le dernier moment pour les deux paient g\u00e9n\u00e9ralement plus cher et disposent de moins de choix.<\/p>\n\n\n\n<p class=\"wp-block-paragraph\">L\u2019\u00e9quation est simple :<\/p>\n\n\n\n<p class=\"wp-block-paragraph\">plus vous anticipez, plus vous avez de disponibilit\u00e9, de vraies options et souvent de meilleures conditions \u00e9conomiques aussi bien pour la villa que pour le transport.<\/p>\n\n\n\n<p class=\"wp-block-paragraph\">Ce n\u2019est pas un argument commercial, c\u2019est simplement le fonctionnement du march\u00e9 en haute saison.<\/p>\n\n\n\n<div style=\"height:55px\" aria-hidden=\"true\" class=\"wp-block-spacer\"><\/div>\n\n\n\n<h2 class=\"wp-block-heading\">La villa que vous voulez vraiment\u2026 et pas seulement celle qu\u2019il reste<\/h2>\n\n\n\n<p class=\"wp-block-paragraph\">Il y a une \u00e9norme diff\u00e9rence entre choisir une villa parce qu\u2019elle correspond exactement \u00e0 ce que vous recherchez et r\u00e9server simplement celle qui reste disponible.<\/p>\n\n\n\n<p class=\"wp-block-paragraph\">Dans le premier cas, c\u2019est vous qui choisissez :<\/p>\n\n\n\n<p class=\"wp-block-paragraph\">le nombre de chambres, la zone de l\u2019\u00eele, le type de piscine, la proximit\u00e9 des criques, la pr\u00e9sence d\u2019un jardin ombrag\u00e9 ou encore l\u2019acceptation des animaux.<\/p>\n\n\n\n<p class=\"wp-block-paragraph\">Dans le second cas, vous composez avec ce qu\u2019il reste.<\/p>\n\n\n\n<p class=\"wp-block-paragraph\">Minorque poss\u00e8de des zones tr\u00e8s diff\u00e9rentes les unes des autres.<\/p>\n\n\n\n<p class=\"wp-block-paragraph\">Le nord, avec Fornells et ses criques plus paisibles, offre une ambiance diff\u00e9rente du sud autour de Son Bou ou des environs de Ciutadella avec ses plages de sable fin.<\/p>\n\n\n\n<p class=\"wp-block-paragraph\">La r\u00e9gion de Binibeca ou Sant Llu\u00eds, dans le sud-est, m\u00e9lange architecture blanche traditionnelle et petites criques accessibles en quelques minutes.<\/p>\n\n\n\n<p class=\"wp-block-paragraph\">Chaque zone poss\u00e8de ses avantages et ses temps de trajet vers les principaux points d\u2019int\u00e9r\u00eat.<\/p>\n\n\n\n<p class=\"wp-block-paragraph\">Bien choisir l\u2019emplacement de votre villa est presque aussi important que la villa elle-m\u00eame, et ce choix n\u2019existe r\u00e9ellement que lorsqu\u2019il reste suffisamment d\u2019options disponibles.<\/p>\n\n\n\n<p class=\"wp-block-paragraph\">R\u00e9server t\u00f4t vous redonne le contr\u00f4le sur votre voyage.<\/p>\n\n\n\n<p class=\"wp-block-paragraph\">Vous pouvez comparer tranquillement, poser des questions au gestionnaire, demander des informations sur les acc\u00e8s, le quartier ou les services \u00e0 proximit\u00e9.<\/p>\n\n\n\n<p class=\"wp-block-paragraph\">Quand la saison est d\u00e9j\u00e0 lanc\u00e9e, cette libert\u00e9 dispara\u00eet et les d\u00e9cisions se prennent dans l\u2019urgence \u2014 la pire fa\u00e7on de bien choisir.<\/p>\n\n\n\n<div style=\"height:55px\" aria-hidden=\"true\" class=\"wp-block-spacer\"><\/div>\n\n\n\n<h2 class=\"wp-block-heading\">Toute l\u2019organisation du voyage d\u00e9pend du logement<\/h2>\n\n\n\n<figure class=\"wp-block-image size-large\"><img loading=\"lazy\" decoding=\"async\" width=\"1400\" height=\"630\" src=\"https:\/\/www.mautervillas.es\/blog\/wp-content\/uploads\/2026\/05\/planifica-tu-viaje-a-menorca-con-tiempo-1400x630.webp\" alt=\"\" class=\"wp-image-1581\"\/><\/figure>\n\n\n\n<p class=\"wp-block-paragraph\">L\u2019un des avantages les plus pratiques d\u2019avoir votre villa r\u00e9serv\u00e9e plusieurs mois \u00e0 l\u2019avance est que cela vous permet d\u2019organiser tout le reste intelligemment.<\/p>\n\n\n\n<p class=\"wp-block-paragraph\">Les excursions en bateau autour des criques de Minorque en haute saison se r\u00e9servent souvent plusieurs jours \u00e0 l\u2019avance.<\/p>\n\n\n\n<p class=\"wp-block-paragraph\">Les restaurants les plus recherch\u00e9s de Ciutadella, Mah\u00f3n ou Fornells \u2014 notamment pour go\u00fbter la fameuse caldereta de langouste en ao\u00fbt \u2014 n\u00e9cessitent \u00e9galement des r\u00e9servations anticip\u00e9es.<\/p>\n\n\n\n<p class=\"wp-block-paragraph\">Les voitures de location deviennent plus ch\u00e8res et plus rares \u00e0 mesure qu\u2019on se rapproche de l\u2019\u00e9t\u00e9.<\/p>\n\n\n\n<p class=\"wp-block-paragraph\">Savoir d\u2019o\u00f9 vous partirez chaque matin, dans quelle zone vous logerez et combien de jours vous resterez permet de construire le reste du s\u00e9jour avec logique.<\/p>\n\n\n\n<p class=\"wp-block-paragraph\">Avec votre villa confirm\u00e9e longtemps \u00e0 l\u2019avance, vous pouvez organiser vos journ\u00e9es par secteur, planifier quelles criques visiter selon leur proximit\u00e9, r\u00e9server des excursions en bateau ou pr\u00e9parer des randonn\u00e9es sur le Cam\u00ed de Cavalls.<\/p>\n\n\n\n<p class=\"wp-block-paragraph\">Minorque se vit beaucoup mieux lorsque le voyage a \u00e9t\u00e9 r\u00e9fl\u00e9chi avec soin.<\/p>\n\n\n\n<p class=\"wp-block-paragraph\">La location de voiture est un autre point essentiel \u00e0 anticiper.<\/p>\n\n\n\n<p class=\"wp-block-paragraph\">Minorque est une petite \u00eele \u2014 on la traverse d\u2019est en ouest en moins d\u2019une heure \u2014 mais disposer d\u2019un v\u00e9hicule reste indispensable pour acc\u00e9der aux criques les plus isol\u00e9es et circuler librement sans d\u00e9pendre des horaires de bus.<\/p>\n\n\n\n<p class=\"wp-block-paragraph\">Les agences de location \u00e0 l\u2019a\u00e9roport de Mah\u00f3n travaillent \u00e0 pleine capacit\u00e9 en ao\u00fbt, et les voyageurs qui attendent trop longtemps risquent soit de ne plus trouver de voiture, soit de payer des prix tr\u00e8s \u00e9lev\u00e9s.<\/p>\n\n\n\n<div style=\"height:55px\" aria-hidden=\"true\" class=\"wp-block-spacer\"><\/div>\n\n\n\n<h2 class=\"wp-block-heading\">Minorque en juillet ou en ao\u00fbt : quand r\u00e9server selon le mois<\/h2>\n\n\n\n<p class=\"wp-block-paragraph\">Juillet et ao\u00fbt offrent deux exp\u00e9riences l\u00e9g\u00e8rement diff\u00e9rentes \u00e0 Minorque, et comprendre cette diff\u00e9rence permet d\u2019affiner votre r\u00e9servation.<\/p>\n\n\n\n<p class=\"wp-block-paragraph\">Juillet est le mois le plus sec de l\u2019ann\u00e9e, avec des temp\u00e9ratures un peu plus agr\u00e9ables qu\u2019en ao\u00fbt et une fr\u00e9quentation \u00e9lev\u00e9e mais encore raisonnable.<\/p>\n\n\n\n<p class=\"wp-block-paragraph\">Les restaurants offrent g\u00e9n\u00e9ralement davantage de disponibilit\u00e9 sans r\u00e9servation, les criques les plus populaires sont un peu moins bond\u00e9es et les vols sont souvent moins chers qu\u2019en ao\u00fbt.<\/p>\n\n\n\n<p class=\"wp-block-paragraph\">Ao\u00fbt repr\u00e9sente le pic absolu de la saison.<\/p>\n\n\n\n<p class=\"wp-block-paragraph\">L\u2019\u00eele est pleine, les prix des villas et des vols atteignent leur maximum, et les activit\u00e9s les plus demand\u00e9es \u2014 restaurants, excursions en bateau et loisirs \u2014 affichent complet bien plus rapidement.<\/p>\n\n\n\n<p class=\"wp-block-paragraph\">Pour ao\u00fbt, il faut donc r\u00e9server encore plus t\u00f4t que pour juillet.<\/p>\n\n\n\n<p class=\"wp-block-paragraph\">Ce qui peut parfois encore se r\u00e9server en mars ou avril pour juillet doit souvent \u00eatre r\u00e9serv\u00e9 d\u00e8s janvier ou f\u00e9vrier pour ao\u00fbt.<\/p>\n\n\n\n<p class=\"wp-block-paragraph\">Les f\u00eates patronales des villages de l\u2019\u00eele ont lieu entre juin et septembre, et certains week-ends d\u2019ao\u00fbt accueillent les c\u00e9l\u00e9brations les plus populaires.<\/p>\n\n\n\n<p class=\"wp-block-paragraph\">Elles font partie de l\u2019exp\u00e9rience minorquine, mais elles augmentent aussi consid\u00e9rablement l\u2019affluence dans certaines zones.<\/p>\n\n\n\n<p class=\"wp-block-paragraph\">Le savoir \u00e0 l\u2019avance permet de choisir si vous pr\u00e9f\u00e9rez \u00eatre au c\u0153ur de l\u2019ambiance ou dans un endroit plus calme.<\/p>\n\n\n\n<div style=\"height:55px\" aria-hidden=\"true\" class=\"wp-block-spacer\"><\/div>\n\n\n\n<h2 class=\"wp-block-heading\">Pourquoi choisir une villa plut\u00f4t qu\u2019un h\u00f4tel \u00e0 Minorque<\/h2>\n\n\n\n<p class=\"wp-block-paragraph\">Pour les familles, les couples souhaitant plus d\u2019intimit\u00e9 ou les groupes d\u2019amis, le choix entre villa et h\u00f4tel \u00e0 Minorque est souvent \u00e9vident.<\/p>\n\n\n\n<p class=\"wp-block-paragraph\">Une villa avec piscine priv\u00e9e vous offre quelque chose qu\u2019un h\u00f4tel ne pourra jamais r\u00e9ellement donner :<\/p>\n\n\n\n<p class=\"wp-block-paragraph\">la libert\u00e9.<\/p>\n\n\n\n<p class=\"wp-block-paragraph\">La libert\u00e9 des horaires, de l\u2019espace, des repas et de la tranquillit\u00e9.<\/p>\n\n\n\n<p class=\"wp-block-paragraph\">Rentrer de la plage et plonger directement dans votre propre piscine sans la partager avec d\u2019autres vacanciers, prendre le petit-d\u00e9jeuner dans votre jardin quand vous le souhaitez ou cuisiner avec des produits frais achet\u00e9s aux march\u00e9s de Ciutadella ou Mah\u00f3n vaut bien plus qu\u2019un buffet \u00e0 volont\u00e9.<\/p>\n\n\n\n<p class=\"wp-block-paragraph\">La villa correspond parfaitement \u00e0 la mani\u00e8re dont Minorque se vit :<\/p>\n\n\n\n<p class=\"wp-block-paragraph\">lentement, sans contraintes, avec espace et intimit\u00e9.<\/p>\n\n\n\n<div style=\"height:55px\" aria-hidden=\"true\" class=\"wp-block-spacer\"><\/div>\n\n\n\n<h2 class=\"wp-block-heading\">R\u00e9servez t\u00f4t et choisissez la villa id\u00e9ale \u00e0 Minorque<\/h2>\n\n\n\n<p class=\"wp-block-paragraph\">S\u2019il y a une conclusion qui revient toujours chez ceux qui connaissent vraiment le march\u00e9 des vacances \u00e0 Minorque en haute saison, c\u2019est celle-ci :<\/p>\n\n\n\n<p class=\"wp-block-paragraph\">ceux qui r\u00e9servent t\u00f4t arrivent sur l\u2019\u00eele en ayant r\u00e9ellement choisi ; ceux qui attendent arrivent en faisant des compromis.<\/p>\n\n\n\n<p class=\"wp-block-paragraph\">Chez Mauter Villas, nous proposons des villas \u00e0 Minorque pens\u00e9es pour ceux qui veulent s\u00e9journer dans les meilleures conditions et profiter de l\u2019\u00eele sans renoncer \u00e0 quoi que ce soit.<\/p>\n\n\n\n<p class=\"wp-block-paragraph\">Si vous pensez d\u00e9j\u00e0 \u00e0 juillet ou ao\u00fbt, ne remettez pas cela \u00e0 plus tard.<\/p>\n\n\n\n<p class=\"wp-block-paragraph\"><a href=\"https:\/\/www.mautervillas.fr\/contact\/\">\u00c9crivez-nous<\/a> et nous vous aiderons \u00e0 trouver la villa id\u00e9ale selon votre groupe, vos dates et vos pr\u00e9f\u00e9rences.<\/p>\n\n\n\n<p class=\"wp-block-paragraph\">Nous vous attendons !<\/p>\n\n\n\n<div style=\"height:55px\" aria-hidden=\"true\" class=\"wp-block-spacer\"><\/div>\n","protected":false},"excerpt":{"rendered":"<p>Minorque en juillet et ao\u00fbt est une \u00eele compl\u00e8tement diff\u00e9rente. Pas diff\u00e9rente dans le mauvais sens du terme, mais diff\u00e9rente&#8230;<\/p>\n","protected":false},"author":2,"featured_media":1580,"comment_status":"open","ping_status":"closed","sticky":false,"template":"","format":"standard","meta":{"footnotes":""},"categories":[20],"tags":[],"class_list":["post-1590","post","type-post","status-publish","format-standard","has-post-thumbnail","hentry","category-non-classifiee"],"yoast_head":"<!-- This site is optimized with the Yoast SEO plugin v20.6 - https:\/\/yoast.com\/wordpress\/plugins\/seo\/ -->\n<title>Pourquoi r\u00e9server votre villa \u00e0 Minorque \u00e0 l\u2019avance - Mauter Villas<\/title>\n<meta name=\"description\" content=\"D\u00e9couvrez pourquoi r\u00e9server votre villa \u00e0 Minorque \u00e0 l\u2019avance pour juillet et ao\u00fbt vous garantit plus de choix, de meilleurs prix et les meilleures zones.\" \/>\n<meta name=\"robots\" content=\"index, follow, max-snippet:-1, max-image-preview:large, max-video-preview:-1\" \/>\n<link rel=\"canonical\" href=\"https:\/\/www.mautervillas.fr\/blog\/reserver-villa-minorque-avance\/\" \/>\n<meta property=\"og:locale\" content=\"fr_FR\" \/>\n<meta property=\"og:type\" content=\"article\" \/>\n<meta property=\"og:title\" content=\"Pourquoi r\u00e9server votre villa \u00e0 Minorque \u00e0 l\u2019avance - Mauter Villas\" \/>\n<meta property=\"og:description\" content=\"D\u00e9couvrez pourquoi r\u00e9server votre villa \u00e0 Minorque \u00e0 l\u2019avance pour juillet et ao\u00fbt vous garantit plus de choix, de meilleurs prix et les meilleures zones.\" \/>\n<meta property=\"og:url\" content=\"https:\/\/www.mautervillas.fr\/blog\/reserver-villa-minorque-avance\/\" \/>\n<meta property=\"og:site_name\" content=\"Mauter Villas\" \/>\n<meta property=\"article:published_time\" content=\"2026-05-16T14:59:55+00:00\" \/>\n<meta property=\"article:modified_time\" content=\"2026-05-16T14:59:56+00:00\" \/>\n<meta property=\"og:image\" content=\"https:\/\/www.mautervillas.fr\/blog\/wp-content\/uploads\/2026\/05\/como-reservar-villa-en-menorca.webp\" \/>\n\t<meta property=\"og:image:width\" content=\"1400\" \/>\n\t<meta property=\"og:image:height\" content=\"788\" \/>\n\t<meta property=\"og:image:type\" content=\"image\/webp\" \/>\n<meta name=\"author\" content=\"mautervillas\" \/>\n<meta name=\"twitter:card\" content=\"summary_large_image\" \/>\n<meta name=\"twitter:label1\" content=\"\u00c9crit par\" \/>\n\t<meta name=\"twitter:data1\" content=\"mautervillas\" \/>\n\t<meta name=\"twitter:label2\" content=\"Dur\u00e9e de lecture estim\u00e9e\" \/>\n\t<meta name=\"twitter:data2\" content=\"8 minutes\" \/>\n<script type=\"application\/ld+json\" class=\"yoast-schema-graph\">{\"@context\":\"https:\/\/schema.org\",\"@graph\":[{\"@type\":\"WebPage\",\"@id\":\"https:\/\/www.mautervillas.fr\/blog\/reserver-villa-minorque-avance\/\",\"url\":\"https:\/\/www.mautervillas.fr\/blog\/reserver-villa-minorque-avance\/\",\"name\":\"Pourquoi r\u00e9server votre villa \u00e0 Minorque \u00e0 l\u2019avance - Mauter Villas\",\"isPartOf\":{\"@id\":\"https:\/\/www.mautervillas.fr\/blog\/#website\"},\"datePublished\":\"2026-05-16T14:59:55+00:00\",\"dateModified\":\"2026-05-16T14:59:56+00:00\",\"author\":{\"@id\":\"https:\/\/www.mautervillas.fr\/blog\/#\/schema\/person\/54cf2feb092752231f0ca767e13effee\"},\"description\":\"D\u00e9couvrez pourquoi r\u00e9server votre villa \u00e0 Minorque \u00e0 l\u2019avance pour juillet et ao\u00fbt vous garantit plus de choix, de meilleurs prix et les meilleures zones.\",\"breadcrumb\":{\"@id\":\"https:\/\/www.mautervillas.fr\/blog\/reserver-villa-minorque-avance\/#breadcrumb\"},\"inLanguage\":\"fr-FR\",\"potentialAction\":[{\"@type\":\"ReadAction\",\"target\":[\"https:\/\/www.mautervillas.fr\/blog\/reserver-villa-minorque-avance\/\"]}]},{\"@type\":\"BreadcrumbList\",\"@id\":\"https:\/\/www.mautervillas.fr\/blog\/reserver-villa-minorque-avance\/#breadcrumb\",\"itemListElement\":[{\"@type\":\"ListItem\",\"position\":1,\"name\":\"Portada\",\"item\":\"https:\/\/www.mautervillas.fr\/blog\/\"},{\"@type\":\"ListItem\",\"position\":2,\"name\":\"Les avantages de r\u00e9server votre villa \u00e0 Minorque \u00e0 l\u2019avance pour juillet et ao\u00fbt\"}]},{\"@type\":\"WebSite\",\"@id\":\"https:\/\/www.mautervillas.fr\/blog\/#website\",\"url\":\"https:\/\/www.mautervillas.fr\/blog\/\",\"name\":\"Mauter Villas\",\"description\":\"Mautervillas\",\"potentialAction\":[{\"@type\":\"SearchAction\",\"target\":{\"@type\":\"EntryPoint\",\"urlTemplate\":\"https:\/\/www.mautervillas.fr\/blog\/?s={search_term_string}\"},\"query-input\":\"required name=search_term_string\"}],\"inLanguage\":\"fr-FR\"},{\"@type\":\"Person\",\"@id\":\"https:\/\/www.mautervillas.fr\/blog\/#\/schema\/person\/54cf2feb092752231f0ca767e13effee\",\"name\":\"mautervillas\",\"image\":{\"@type\":\"ImageObject\",\"inLanguage\":\"fr-FR\",\"@id\":\"https:\/\/www.mautervillas.fr\/blog\/#\/schema\/person\/image\/\",\"url\":\"https:\/\/secure.gravatar.com\/avatar\/b4995f53b9941a4c2f7ad71dd46886c21ceca85a6a231dad5441008abeed428c?s=96&d=mm&r=g\",\"contentUrl\":\"https:\/\/secure.gravatar.com\/avatar\/b4995f53b9941a4c2f7ad71dd46886c21ceca85a6a231dad5441008abeed428c?s=96&d=mm&r=g\",\"caption\":\"mautervillas\"},\"url\":\"https:\/\/www.mautervillas.fr\/blog\/author\/mautervillas\/\"}]}<\/script>\n<!-- \/ Yoast SEO plugin. -->","yoast_head_json":{"title":"Pourquoi r\u00e9server votre villa \u00e0 Minorque \u00e0 l\u2019avance - Mauter Villas","description":"D\u00e9couvrez pourquoi r\u00e9server votre villa \u00e0 Minorque \u00e0 l\u2019avance pour juillet et ao\u00fbt vous garantit plus de choix, de meilleurs prix et les meilleures zones.","robots":{"index":"index","follow":"follow","max-snippet":"max-snippet:-1","max-image-preview":"max-image-preview:large","max-video-preview":"max-video-preview:-1"},"canonical":"https:\/\/www.mautervillas.fr\/blog\/reserver-villa-minorque-avance\/","og_locale":"fr_FR","og_type":"article","og_title":"Pourquoi r\u00e9server votre villa \u00e0 Minorque \u00e0 l\u2019avance - Mauter Villas","og_description":"D\u00e9couvrez pourquoi r\u00e9server votre villa \u00e0 Minorque \u00e0 l\u2019avance pour juillet et ao\u00fbt vous garantit plus de choix, de meilleurs prix et les meilleures zones.","og_url":"https:\/\/www.mautervillas.fr\/blog\/reserver-villa-minorque-avance\/","og_site_name":"Mauter Villas","article_published_time":"2026-05-16T14:59:55+00:00","article_modified_time":"2026-05-16T14:59:56+00:00","og_image":[{"width":1400,"height":788,"url":"https:\/\/www.mautervillas.fr\/blog\/wp-content\/uploads\/2026\/05\/como-reservar-villa-en-menorca.webp","type":"image\/webp"}],"author":"mautervillas","twitter_card":"summary_large_image","twitter_misc":{"\u00c9crit par":"mautervillas","Dur\u00e9e de lecture estim\u00e9e":"8 minutes"},"schema":{"@context":"https:\/\/schema.org","@graph":[{"@type":"WebPage","@id":"https:\/\/www.mautervillas.fr\/blog\/reserver-villa-minorque-avance\/","url":"https:\/\/www.mautervillas.fr\/blog\/reserver-villa-minorque-avance\/","name":"Pourquoi r\u00e9server votre villa \u00e0 Minorque \u00e0 l\u2019avance - Mauter Villas","isPartOf":{"@id":"https:\/\/www.mautervillas.fr\/blog\/#website"},"datePublished":"2026-05-16T14:59:55+00:00","dateModified":"2026-05-16T14:59:56+00:00","author":{"@id":"https:\/\/www.mautervillas.fr\/blog\/#\/schema\/person\/54cf2feb092752231f0ca767e13effee"},"description":"D\u00e9couvrez pourquoi r\u00e9server votre villa \u00e0 Minorque \u00e0 l\u2019avance pour juillet et ao\u00fbt vous garantit plus de choix, de meilleurs prix et les meilleures zones.","breadcrumb":{"@id":"https:\/\/www.mautervillas.fr\/blog\/reserver-villa-minorque-avance\/#breadcrumb"},"inLanguage":"fr-FR","potentialAction":[{"@type":"ReadAction","target":["https:\/\/www.mautervillas.fr\/blog\/reserver-villa-minorque-avance\/"]}]},{"@type":"BreadcrumbList","@id":"https:\/\/www.mautervillas.fr\/blog\/reserver-villa-minorque-avance\/#breadcrumb","itemListElement":[{"@type":"ListItem","position":1,"name":"Portada","item":"https:\/\/www.mautervillas.fr\/blog\/"},{"@type":"ListItem","position":2,"name":"Les avantages de r\u00e9server votre villa \u00e0 Minorque \u00e0 l\u2019avance pour juillet et ao\u00fbt"}]},{"@type":"WebSite","@id":"https:\/\/www.mautervillas.fr\/blog\/#website","url":"https:\/\/www.mautervillas.fr\/blog\/","name":"Mauter Villas","description":"Mautervillas","potentialAction":[{"@type":"SearchAction","target":{"@type":"EntryPoint","urlTemplate":"https:\/\/www.mautervillas.fr\/blog\/?s={search_term_string}"},"query-input":"required name=search_term_string"}],"inLanguage":"fr-FR"},{"@type":"Person","@id":"https:\/\/www.mautervillas.fr\/blog\/#\/schema\/person\/54cf2feb092752231f0ca767e13effee","name":"mautervillas","image":{"@type":"ImageObject","inLanguage":"fr-FR","@id":"https:\/\/www.mautervillas.fr\/blog\/#\/schema\/person\/image\/","url":"https:\/\/secure.gravatar.com\/avatar\/b4995f53b9941a4c2f7ad71dd46886c21ceca85a6a231dad5441008abeed428c?s=96&d=mm&r=g","contentUrl":"https:\/\/secure.gravatar.com\/avatar\/b4995f53b9941a4c2f7ad71dd46886c21ceca85a6a231dad5441008abeed428c?s=96&d=mm&r=g","caption":"mautervillas"},"url":"https:\/\/www.mautervillas.fr\/blog\/author\/mautervillas\/"}]}},"amp_enabled":true,"_links":{"self":[{"href":"https:\/\/www.mautervillas.fr\/blog\/wp-json\/wp\/v2\/posts\/1590","targetHints":{"allow":["GET"]}}],"collection":[{"href":"https:\/\/www.mautervillas.fr\/blog\/wp-json\/wp\/v2\/posts"}],"about":[{"href":"https:\/\/www.mautervillas.fr\/blog\/wp-json\/wp\/v2\/types\/post"}],"author":[{"embeddable":true,"href":"https:\/\/www.mautervillas.fr\/blog\/wp-json\/wp\/v2\/users\/2"}],"replies":[{"embeddable":true,"href":"https:\/\/www.mautervillas.fr\/blog\/wp-json\/wp\/v2\/comments?post=1590"}],"version-history":[{"count":1,"href":"https:\/\/www.mautervillas.fr\/blog\/wp-json\/wp\/v2\/posts\/1590\/revisions"}],"predecessor-version":[{"id":1591,"href":"https:\/\/www.mautervillas.fr\/blog\/wp-json\/wp\/v2\/posts\/1590\/revisions\/1591"}],"wp:featuredmedia":[{"embeddable":true,"href":"https:\/\/www.mautervillas.fr\/blog\/wp-json\/wp\/v2\/media\/1580"}],"wp:attachment":[{"href":"https:\/\/www.mautervillas.fr\/blog\/wp-json\/wp\/v2\/media?parent=1590"}],"wp:term":[{"taxonomy":"category","embeddable":true,"href":"https:\/\/www.mautervillas.fr\/blog\/wp-json\/wp\/v2\/categories?post=1590"},{"taxonomy":"post_tag","embeddable":true,"href":"https:\/\/www.mautervillas.fr\/blog\/wp-json\/wp\/v2\/tags?post=1590"}],"curies":[{"name":"wp","href":"https:\/\/api.w.org\/{rel}","templated":true}]}}