{"id":1611,"date":"2026-06-14T09:20:10","date_gmt":"2026-06-14T07:20:10","guid":{"rendered":"https:\/\/www.mautervillas.es\/blog\/?p=1611"},"modified":"2026-06-14T09:20:12","modified_gmt":"2026-06-14T07:20:12","slug":"cami-de-cavalls-cala-blanca","status":"publish","type":"post","link":"https:\/\/www.mautervillas.fr\/blog\/cami-de-cavalls-cala-blanca\/","title":{"rendered":"Cam\u00ed de Cavalls : comment parcourir le tron\u00e7on ouest depuis Cala Blanca"},"content":{"rendered":"\n<p class=\"wp-block-paragraph\">Minorque poss\u00e8de le littoral le mieux pr\u00e9serv\u00e9 de la M\u00e9diterran\u00e9e espagnole.<\/p>\n\n\n\n<p class=\"wp-block-paragraph\">Ce n\u2019est pas une opinion, c\u2019est un fait que l\u2019on confirme d\u00e8s que l\u2019on pose le pied sur le Cam\u00ed de Cavalls.<\/p>\n\n\n\n<p class=\"wp-block-paragraph\">Ce sentier fait le tour complet de l\u2019\u00eele par son littoral sur 185 kilom\u00e8tres et est homologu\u00e9 comme GR-223, ce qui signifie qu\u2019il est bien balis\u00e9 et divis\u00e9 en \u00e9tapes parfaitement planifi\u00e9es.<\/p>\n\n\n\n<p class=\"wp-block-paragraph\">Mais il n\u2019est pas n\u00e9cessaire de faire l\u2019itin\u00e9raire complet pour comprendre de quoi il s\u2019agit.<\/p>\n\n\n\n<p class=\"wp-block-paragraph\">Le tron\u00e7on ouest qui part de Cala Blanca est l\u2019un des meilleurs points d\u2019entr\u00e9e sur le chemin, surtout si vous recherchez une randonn\u00e9e c\u00f4ti\u00e8re sans grandes mont\u00e9es, avec des arr\u00eats pour vous baigner en chemin et des paysages qui ne cessent de surprendre.<\/p>\n\n\n\n<p class=\"wp-block-paragraph\">Ce guide vous explique comment l\u2019organiser, ce que vous allez trouver sur le parcours et ce que vous ne devriez pas oublier chez vous.<\/p>\n\n\n\n<div style=\"height:66px\" aria-hidden=\"true\" class=\"wp-block-spacer\"><\/div>\n\n\n\n<h2 class=\"wp-block-heading\">Qu\u2019est-ce que le tron\u00e7on ouest et pourquoi commencer \u00e0 Cala Blanca ?<\/h2>\n\n\n\n<p class=\"wp-block-paragraph\">Le Cam\u00ed de Cavalls compte 185 kilom\u00e8tres de parcours r\u00e9partis en 20 \u00e9tapes, avec des distances d\u2019environ 5 \u00e0 13 kilom\u00e8tres. Il est possible de faire tout l\u2019itin\u00e9raire en plusieurs jours ou seulement quelques \u00e9tapes de mani\u00e8re ind\u00e9pendante.<\/p>\n\n\n\n<p class=\"wp-block-paragraph\">Le tron\u00e7on ouest correspond principalement aux \u00e9tapes 11 et 12, qui couvrent la c\u00f4te occidentale et le d\u00e9but de la c\u00f4te sud de Minorque.<\/p>\n\n\n\n<p class=\"wp-block-paragraph\">L\u2019\u00e9tape 11 part de Ciutadella et, \u00e0 partir de Cala Blanca, suit un chemin plat et sans difficult\u00e9 le long d\u2019un littoral de falaises jusqu\u2019au cap d\u2019Artrutx. Cala Blanca est le point o\u00f9 le chemin laisse derri\u00e8re lui les zones urbaines pour entrer pleinement dans un environnement naturel. Si vous voulez \u00e9viter les premiers tron\u00e7ons d\u2019asphalte et les zones r\u00e9sidentielles du d\u00e9but, c\u2019est ici que vous devriez commencer.<\/p>\n\n\n\n<p class=\"wp-block-paragraph\">Partir de Cala Blanca est aussi logique d\u2019un point de vue pratique : il y a une plage et un parking juste au d\u00e9but du parcours, ce qui rend l\u2019organisation de la journ\u00e9e tr\u00e8s simple. Vous laissez la voiture, vous commencez \u00e0 marcher, et le chemin fait le reste.<\/p>\n\n\n\n<div style=\"height:66px\" aria-hidden=\"true\" class=\"wp-block-spacer\"><\/div>\n\n\n\n<h2 class=\"wp-block-heading\">\u00c9tape 11 : de Cala Blanca au cap d\u2019Artrutx<\/h2>\n\n\n\n<figure class=\"wp-block-image size-large\"><img loading=\"lazy\" decoding=\"async\" width=\"1400\" height=\"630\" src=\"https:\/\/fr.mautervillas.es\/blog\/wp-content\/uploads\/2026\/06\/cabo-dartrutx-1400x630.webp\" alt=\"\" class=\"wp-image-1598\"\/><\/figure>\n\n\n\n<p class=\"wp-block-paragraph\">Depuis Cala Blanca, le sentier suit la ligne de c\u00f4te par un chemin plat qui m\u00e8ne jusqu\u2019\u00e0 environ 1 km du phare d\u2019Artrutx. Il s\u2019agit de 3,7 km au total, avec une difficult\u00e9 facile et un temps de marche estim\u00e9 \u00e0 une heure et demie.<\/p>\n\n\n\n<p class=\"wp-block-paragraph\">Le terrain est plat presque tout le long, avec cette roche calcaire typique de la c\u00f4te minorquine qui ne pose aucun probl\u00e8me, m\u00eame si vous n\u2019avez pas d\u2019exp\u00e9rience en randonn\u00e9e. Pendant une bonne partie du parcours, les jours de ciel d\u00e9gag\u00e9, vous pouvez apercevoir Majorque au loin.<\/p>\n\n\n\n<p class=\"wp-block-paragraph\">Elle n\u2019appara\u00eet pas toujours, mais lorsque l\u2019air est clair et que l\u2019horizon est ouvert, la silhouette de l\u2019\u00eele au loin donne au paysage quelque chose de difficile \u00e0 mettre en mots.<\/p>\n\n\n\n<p class=\"wp-block-paragraph\">\u00c0 la fin du tron\u00e7on vous attend le phare d\u2019Artrutx, construit en 1858, qui dispose d\u2019un bar o\u00f9 vous pourrez vous arr\u00eater pour reprendre des forces. C\u2019est l\u2019un des meilleurs endroits pour admirer le coucher du soleil avec Majorque en arri\u00e8re-plan. Si vous pouvez ajuster votre heure de d\u00e9part pour arriver au phare en fin d\u2019apr\u00e8s-midi, faites-le sans h\u00e9siter.<\/p>\n\n\n\n<div style=\"height:66px\" aria-hidden=\"true\" class=\"wp-block-spacer\"><\/div>\n\n\n\n<h2 class=\"wp-block-heading\">\u00c9tape 12 : du cap d\u2019Artrutx \u00e0 Cala en Turqueta<\/h2>\n\n\n\n<figure class=\"wp-block-image size-large\"><img loading=\"lazy\" decoding=\"async\" width=\"1400\" height=\"630\" src=\"https:\/\/fr.mautervillas.es\/blog\/wp-content\/uploads\/2026\/06\/cala-en-turqueta-1400x630.webp\" alt=\"\" class=\"wp-image-1604\"\/><\/figure>\n\n\n\n<p class=\"wp-block-paragraph\">Pendant cette \u00e9tape, le Cam\u00ed de Cavalls quitte la c\u00f4te occidentale de l\u2019\u00eele et entre, depuis le cap d\u2019Artrutx, sur la c\u00f4te sud de Minorque.<\/p>\n\n\n\n<p class=\"wp-block-paragraph\">Apr\u00e8s 13 kilom\u00e8tres le long d\u2019un littoral de falaises, de pin\u00e8des, de criques et de plages de sable, l\u2019\u00e9tape se termine \u00e0 Cala en Turqueta. Elle est de difficult\u00e9 facile et demande environ 4 heures de marche \u00e0 bon rythme, sans arr\u00eats.<\/p>\n\n\n\n<p class=\"wp-block-paragraph\">Les 2 premiers kilom\u00e8tres de l\u2019\u00e9tape se font sur asphalte, en traversant l\u2019urbanisation de Son Xoriguer. Apr\u00e8s la plage de Son Xoriguer, le parcours se fait presque enti\u00e8rement sur terrain rocheux, avec plusieurs petites criques le long de la c\u00f4te, jusqu\u2019aux plages de Son Saura.<\/p>\n\n\n\n<p class=\"wp-block-paragraph\">Si vous voulez \u00e9viter le premier tron\u00e7on d\u2019asphalte, vous pouvez vous garer directement \u00e0 Son Xoriguer et commencer \u00e0 marcher depuis la plage.<\/p>\n\n\n\n<p class=\"wp-block-paragraph\">\u00c0 partir de Son Saura, le paysage change : le chemin p\u00e9n\u00e8tre dans une zone de pins blancs, d\u2019oliviers sauvages et de quelques ch\u00eanes verts. \u00c0 mi-chemin entre Son Saura et la fin du tron\u00e7on se trouve la Talaia d\u2019Artrutx, une tour de guet circulaire du XVIIe si\u00e8cle situ\u00e9e \u00e0 62 m\u00e8tres au-dessus du niveau de la mer, depuis laquelle on surveillait l\u2019arriv\u00e9e possible d\u2019envahisseurs par la mer.<\/p>\n\n\n\n<div style=\"height:66px\" aria-hidden=\"true\" class=\"wp-block-spacer\"><\/div>\n\n\n\n<h2 class=\"wp-block-heading\">Les points d\u2019int\u00e9r\u00eat \u00e0 ne pas manquer<\/h2>\n\n\n\n<figure class=\"wp-block-image size-large\"><img loading=\"lazy\" decoding=\"async\" width=\"1400\" height=\"630\" src=\"https:\/\/fr.mautervillas.es\/blog\/wp-content\/uploads\/2026\/06\/Son-Saura-1400x630.webp\" alt=\"\" class=\"wp-image-1607\"\/><\/figure>\n\n\n\n<p class=\"wp-block-paragraph\">Tout au long de ces deux tron\u00e7ons, plusieurs arr\u00eats m\u00e9ritent que l\u2019on prenne le temps de s\u2019y attarder.<\/p>\n\n\n\n<p class=\"wp-block-paragraph\">Les plages d\u2019int\u00e9r\u00eat le long de l\u2019\u00e9tape 12 sont Son Xoriguer, Cala Parejals, Cova des Pardals, Son Vell, Son Saura, Es Talaier et Cala en Turqueta.<\/p>\n\n\n\n<p class=\"wp-block-paragraph\">Son Saura est la plus grande et la plus fr\u00e9quent\u00e9e en \u00e9t\u00e9, tandis que Cala Es Talaier, juste avant la partie bois\u00e9e, est plus petite et g\u00e9n\u00e9ralement beaucoup plus tranquille.<\/p>\n\n\n\n<p class=\"wp-block-paragraph\">Entre Son Xoriguer et Son Saura, le sentier longe des falaises rocheuses de faible hauteur.<\/p>\n\n\n\n<p class=\"wp-block-paragraph\">Cette altitude r\u00e9duite et la transparence de l\u2019eau permettent de voir les fonds marins depuis le chemin lui-m\u00eame, dans l\u2019un des tron\u00e7ons les plus particuliers de toute l\u2019\u00e9tape. Sur ce m\u00eame parcours, on trouve \u00e9galement certains des bunkers construits pendant la guerre civile espagnole.<\/p>\n\n\n\n<p class=\"wp-block-paragraph\">Cala en Turqueta est la r\u00e9compense finale du parcours : une plage bien pr\u00e9serv\u00e9e devenue l\u2019une des destinations les plus recherch\u00e9es par ceux qui visitent Minorque.<\/p>\n\n\n\n<div style=\"height:66px\" aria-hidden=\"true\" class=\"wp-block-spacer\"><\/div>\n\n\n\n<h2 class=\"wp-block-heading\">Comment arriver, o\u00f9 se garer et transports<\/h2>\n\n\n\n<p class=\"wp-block-paragraph\">Le cap d\u2019Artrutx se trouve \u00e0 12 km au sud de Ciutadella, en suivant la rocade sud de la ville puis la route de Cala Blanca jusqu\u2019au bout.<\/p>\n\n\n\n<p class=\"wp-block-paragraph\">Cala Turqueta se trouve \u00e0 14 km de Ciutadella, en empruntant le chemin de Sant Joan de Missa en direction des plages de la c\u00f4te sud.<\/p>\n\n\n\n<p class=\"wp-block-paragraph\">Il est possible d\u2019arriver en voiture \u00e0 l\u2019un ou l\u2019autre des deux extr\u00e9mit\u00e9s et de se garer gratuitement, m\u00eame si, en \u00e9t\u00e9, se garer \u00e0 Son Saura rel\u00e8ve presque de la mission impossible si vous n\u2019arrivez pas avant 8 h 00 ou apr\u00e8s 19 h 00.<\/p>\n\n\n\n<p class=\"wp-block-paragraph\">En saison estivale, il existe un service de bus, la ligne 65, avec des arr\u00eats aux principaux points du parcours.<\/p>\n\n\n\n<p class=\"wp-block-paragraph\">Si vous faites le tron\u00e7on dans un seul sens, le plus logique est de laisser la voiture \u00e0 Cala Blanca ou \u00e0 Son Xoriguer et de revenir depuis Cala Turqueta en bus ou avec un second v\u00e9hicule.<\/p>\n\n\n\n<p class=\"wp-block-paragraph\">Vous pouvez aussi faire l\u2019aller-retour, ce qui double la distance mais vous permet de repasser par les m\u00eames endroits avec une lumi\u00e8re compl\u00e8tement diff\u00e9rente.<\/p>\n\n\n\n<div style=\"height:66px\" aria-hidden=\"true\" class=\"wp-block-spacer\"><\/div>\n\n\n\n<h2 class=\"wp-block-heading\">Ce qui change quand l\u2019h\u00e9bergement est bon<\/h2>\n\n\n\n<p class=\"wp-block-paragraph\">Faire le Cam\u00ed de Cavalls tranquillement n\u2019a rien \u00e0 voir avec le faire dans la pr\u00e9cipitation. Et la diff\u00e9rence entre les deux d\u00e9pend souvent de l\u2019endroit o\u00f9 vous dormez.<\/p>\n\n\n\n<p class=\"wp-block-paragraph\">Si vous avez un bon h\u00e9bergement confortable pr\u00e8s de la c\u00f4te ouest de Minorque, vous pouvez partir t\u00f4t, faire le tron\u00e7on sans stress, vous baigner \u00e0 Cala en Turqueta et rentrer sans d\u00e9pendre des horaires d\u2019un h\u00f4tel.<\/p>\n\n\n\n<p class=\"wp-block-paragraph\">Chez Mauter Villas, nous g\u00e9rons des villas et des h\u00e9bergements de qualit\u00e9 \u00e0 Minorque, pens\u00e9s exactement pour ce type de voyage : groupes, familles ou couples qui veulent \u00eatre bien log\u00e9s et avoir l\u2019\u00eele \u00e0 port\u00e9e de main.<\/p>\n\n\n\n<p class=\"wp-block-paragraph\"><a href=\"https:\/\/www.mautervillas.fr\/contact\/\">Contactez-nous<\/a>, indiquez-nous vos dates et le nombre de personnes, et nous vous aiderons \u00e0 trouver l\u2019option qui correspond \u00e0 votre voyage.<\/p>\n\n\n\n<p class=\"wp-block-paragraph\">Nous vous attendons !<\/p>\n\n\n\n<div style=\"height:66px\" aria-hidden=\"true\" class=\"wp-block-spacer\"><\/div>\n","protected":false},"excerpt":{"rendered":"<p>Minorque poss\u00e8de le littoral le mieux pr\u00e9serv\u00e9 de la M\u00e9diterran\u00e9e espagnole. Ce n\u2019est pas une opinion, c\u2019est un fait que&#8230;<\/p>\n","protected":false},"author":2,"featured_media":1601,"comment_status":"open","ping_status":"closed","sticky":false,"template":"","format":"standard","meta":{"footnotes":""},"categories":[20],"tags":[],"class_list":["post-1611","post","type-post","status-publish","format-standard","has-post-thumbnail","hentry","category-non-classifiee"],"yoast_head":"<!-- This site is optimized with the Yoast SEO plugin v20.6 - https:\/\/yoast.com\/wordpress\/plugins\/seo\/ -->\n<title>Cam\u00ed de Cavalls depuis Cala Blanca | Mauter Villas<\/title>\n<meta name=\"description\" content=\"D\u00e9couvrez comment parcourir le tron\u00e7on ouest du Cam\u00ed de Cavalls depuis Cala Blanca, avec plages, parking, transports et conseils utiles.\" \/>\n<meta name=\"robots\" content=\"index, follow, max-snippet:-1, max-image-preview:large, max-video-preview:-1\" \/>\n<link rel=\"canonical\" href=\"https:\/\/www.mautervillas.fr\/blog\/cami-de-cavalls-cala-blanca\/\" \/>\n<meta property=\"og:locale\" content=\"fr_FR\" \/>\n<meta property=\"og:type\" content=\"article\" \/>\n<meta property=\"og:title\" content=\"Cam\u00ed de Cavalls depuis Cala Blanca | Mauter Villas\" \/>\n<meta property=\"og:description\" content=\"D\u00e9couvrez comment parcourir le tron\u00e7on ouest du Cam\u00ed de Cavalls depuis Cala Blanca, avec plages, parking, transports et conseils utiles.\" \/>\n<meta property=\"og:url\" content=\"https:\/\/www.mautervillas.fr\/blog\/cami-de-cavalls-cala-blanca\/\" \/>\n<meta property=\"og:site_name\" content=\"Mauter Villas\" \/>\n<meta property=\"article:published_time\" content=\"2026-06-14T07:20:10+00:00\" \/>\n<meta property=\"article:modified_time\" content=\"2026-06-14T07:20:12+00:00\" \/>\n<meta property=\"og:image\" content=\"https:\/\/www.mautervillas.fr\/blog\/wp-content\/uploads\/2026\/06\/cami-de-cavalls-cala-blanca.webp\" \/>\n\t<meta property=\"og:image:width\" content=\"1400\" \/>\n\t<meta property=\"og:image:height\" content=\"934\" \/>\n\t<meta property=\"og:image:type\" content=\"image\/webp\" \/>\n<meta name=\"author\" content=\"mautervillas\" \/>\n<meta name=\"twitter:card\" content=\"summary_large_image\" \/>\n<meta name=\"twitter:label1\" content=\"\u00c9crit par\" \/>\n\t<meta name=\"twitter:data1\" content=\"mautervillas\" \/>\n\t<meta name=\"twitter:label2\" content=\"Dur\u00e9e de lecture estim\u00e9e\" \/>\n\t<meta name=\"twitter:data2\" content=\"7 minutes\" \/>\n<script type=\"application\/ld+json\" class=\"yoast-schema-graph\">{\"@context\":\"https:\/\/schema.org\",\"@graph\":[{\"@type\":\"WebPage\",\"@id\":\"https:\/\/www.mautervillas.fr\/blog\/cami-de-cavalls-cala-blanca\/\",\"url\":\"https:\/\/www.mautervillas.fr\/blog\/cami-de-cavalls-cala-blanca\/\",\"name\":\"Cam\u00ed de Cavalls depuis Cala Blanca | Mauter Villas\",\"isPartOf\":{\"@id\":\"https:\/\/www.mautervillas.fr\/blog\/#website\"},\"datePublished\":\"2026-06-14T07:20:10+00:00\",\"dateModified\":\"2026-06-14T07:20:12+00:00\",\"author\":{\"@id\":\"https:\/\/www.mautervillas.fr\/blog\/#\/schema\/person\/54cf2feb092752231f0ca767e13effee\"},\"description\":\"D\u00e9couvrez comment parcourir le tron\u00e7on ouest du Cam\u00ed de Cavalls depuis Cala Blanca, avec plages, parking, transports et conseils utiles.\",\"breadcrumb\":{\"@id\":\"https:\/\/www.mautervillas.fr\/blog\/cami-de-cavalls-cala-blanca\/#breadcrumb\"},\"inLanguage\":\"fr-FR\",\"potentialAction\":[{\"@type\":\"ReadAction\",\"target\":[\"https:\/\/www.mautervillas.fr\/blog\/cami-de-cavalls-cala-blanca\/\"]}]},{\"@type\":\"BreadcrumbList\",\"@id\":\"https:\/\/www.mautervillas.fr\/blog\/cami-de-cavalls-cala-blanca\/#breadcrumb\",\"itemListElement\":[{\"@type\":\"ListItem\",\"position\":1,\"name\":\"Portada\",\"item\":\"https:\/\/www.mautervillas.fr\/blog\/\"},{\"@type\":\"ListItem\",\"position\":2,\"name\":\"Cam\u00ed de Cavalls : comment parcourir le tron\u00e7on ouest depuis Cala Blanca\"}]},{\"@type\":\"WebSite\",\"@id\":\"https:\/\/www.mautervillas.fr\/blog\/#website\",\"url\":\"https:\/\/www.mautervillas.fr\/blog\/\",\"name\":\"Mauter Villas\",\"description\":\"Mautervillas\",\"potentialAction\":[{\"@type\":\"SearchAction\",\"target\":{\"@type\":\"EntryPoint\",\"urlTemplate\":\"https:\/\/www.mautervillas.fr\/blog\/?s={search_term_string}\"},\"query-input\":\"required name=search_term_string\"}],\"inLanguage\":\"fr-FR\"},{\"@type\":\"Person\",\"@id\":\"https:\/\/www.mautervillas.fr\/blog\/#\/schema\/person\/54cf2feb092752231f0ca767e13effee\",\"name\":\"mautervillas\",\"image\":{\"@type\":\"ImageObject\",\"inLanguage\":\"fr-FR\",\"@id\":\"https:\/\/www.mautervillas.fr\/blog\/#\/schema\/person\/image\/\",\"url\":\"https:\/\/secure.gravatar.com\/avatar\/b4995f53b9941a4c2f7ad71dd46886c21ceca85a6a231dad5441008abeed428c?s=96&d=mm&r=g\",\"contentUrl\":\"https:\/\/secure.gravatar.com\/avatar\/b4995f53b9941a4c2f7ad71dd46886c21ceca85a6a231dad5441008abeed428c?s=96&d=mm&r=g\",\"caption\":\"mautervillas\"},\"url\":\"https:\/\/www.mautervillas.fr\/blog\/author\/mautervillas\/\"}]}<\/script>\n<!-- \/ Yoast SEO plugin. -->","yoast_head_json":{"title":"Cam\u00ed de Cavalls depuis Cala Blanca | Mauter Villas","description":"D\u00e9couvrez comment parcourir le tron\u00e7on ouest du Cam\u00ed de Cavalls depuis Cala Blanca, avec plages, parking, transports et conseils utiles.","robots":{"index":"index","follow":"follow","max-snippet":"max-snippet:-1","max-image-preview":"max-image-preview:large","max-video-preview":"max-video-preview:-1"},"canonical":"https:\/\/www.mautervillas.fr\/blog\/cami-de-cavalls-cala-blanca\/","og_locale":"fr_FR","og_type":"article","og_title":"Cam\u00ed de Cavalls depuis Cala Blanca | Mauter Villas","og_description":"D\u00e9couvrez comment parcourir le tron\u00e7on ouest du Cam\u00ed de Cavalls depuis Cala Blanca, avec plages, parking, transports et conseils utiles.","og_url":"https:\/\/www.mautervillas.fr\/blog\/cami-de-cavalls-cala-blanca\/","og_site_name":"Mauter Villas","article_published_time":"2026-06-14T07:20:10+00:00","article_modified_time":"2026-06-14T07:20:12+00:00","og_image":[{"width":1400,"height":934,"url":"https:\/\/www.mautervillas.fr\/blog\/wp-content\/uploads\/2026\/06\/cami-de-cavalls-cala-blanca.webp","type":"image\/webp"}],"author":"mautervillas","twitter_card":"summary_large_image","twitter_misc":{"\u00c9crit par":"mautervillas","Dur\u00e9e de lecture estim\u00e9e":"7 minutes"},"schema":{"@context":"https:\/\/schema.org","@graph":[{"@type":"WebPage","@id":"https:\/\/www.mautervillas.fr\/blog\/cami-de-cavalls-cala-blanca\/","url":"https:\/\/www.mautervillas.fr\/blog\/cami-de-cavalls-cala-blanca\/","name":"Cam\u00ed de Cavalls depuis Cala Blanca | Mauter Villas","isPartOf":{"@id":"https:\/\/www.mautervillas.fr\/blog\/#website"},"datePublished":"2026-06-14T07:20:10+00:00","dateModified":"2026-06-14T07:20:12+00:00","author":{"@id":"https:\/\/www.mautervillas.fr\/blog\/#\/schema\/person\/54cf2feb092752231f0ca767e13effee"},"description":"D\u00e9couvrez comment parcourir le tron\u00e7on ouest du Cam\u00ed de Cavalls depuis Cala Blanca, avec plages, parking, transports et conseils utiles.","breadcrumb":{"@id":"https:\/\/www.mautervillas.fr\/blog\/cami-de-cavalls-cala-blanca\/#breadcrumb"},"inLanguage":"fr-FR","potentialAction":[{"@type":"ReadAction","target":["https:\/\/www.mautervillas.fr\/blog\/cami-de-cavalls-cala-blanca\/"]}]},{"@type":"BreadcrumbList","@id":"https:\/\/www.mautervillas.fr\/blog\/cami-de-cavalls-cala-blanca\/#breadcrumb","itemListElement":[{"@type":"ListItem","position":1,"name":"Portada","item":"https:\/\/www.mautervillas.fr\/blog\/"},{"@type":"ListItem","position":2,"name":"Cam\u00ed de Cavalls : comment parcourir le tron\u00e7on ouest depuis Cala Blanca"}]},{"@type":"WebSite","@id":"https:\/\/www.mautervillas.fr\/blog\/#website","url":"https:\/\/www.mautervillas.fr\/blog\/","name":"Mauter Villas","description":"Mautervillas","potentialAction":[{"@type":"SearchAction","target":{"@type":"EntryPoint","urlTemplate":"https:\/\/www.mautervillas.fr\/blog\/?s={search_term_string}"},"query-input":"required name=search_term_string"}],"inLanguage":"fr-FR"},{"@type":"Person","@id":"https:\/\/www.mautervillas.fr\/blog\/#\/schema\/person\/54cf2feb092752231f0ca767e13effee","name":"mautervillas","image":{"@type":"ImageObject","inLanguage":"fr-FR","@id":"https:\/\/www.mautervillas.fr\/blog\/#\/schema\/person\/image\/","url":"https:\/\/secure.gravatar.com\/avatar\/b4995f53b9941a4c2f7ad71dd46886c21ceca85a6a231dad5441008abeed428c?s=96&d=mm&r=g","contentUrl":"https:\/\/secure.gravatar.com\/avatar\/b4995f53b9941a4c2f7ad71dd46886c21ceca85a6a231dad5441008abeed428c?s=96&d=mm&r=g","caption":"mautervillas"},"url":"https:\/\/www.mautervillas.fr\/blog\/author\/mautervillas\/"}]}},"amp_enabled":true,"_links":{"self":[{"href":"https:\/\/www.mautervillas.fr\/blog\/wp-json\/wp\/v2\/posts\/1611","targetHints":{"allow":["GET"]}}],"collection":[{"href":"https:\/\/www.mautervillas.fr\/blog\/wp-json\/wp\/v2\/posts"}],"about":[{"href":"https:\/\/www.mautervillas.fr\/blog\/wp-json\/wp\/v2\/types\/post"}],"author":[{"embeddable":true,"href":"https:\/\/www.mautervillas.fr\/blog\/wp-json\/wp\/v2\/users\/2"}],"replies":[{"embeddable":true,"href":"https:\/\/www.mautervillas.fr\/blog\/wp-json\/wp\/v2\/comments?post=1611"}],"version-history":[{"count":1,"href":"https:\/\/www.mautervillas.fr\/blog\/wp-json\/wp\/v2\/posts\/1611\/revisions"}],"predecessor-version":[{"id":1612,"href":"https:\/\/www.mautervillas.fr\/blog\/wp-json\/wp\/v2\/posts\/1611\/revisions\/1612"}],"wp:featuredmedia":[{"embeddable":true,"href":"https:\/\/www.mautervillas.fr\/blog\/wp-json\/wp\/v2\/media\/1601"}],"wp:attachment":[{"href":"https:\/\/www.mautervillas.fr\/blog\/wp-json\/wp\/v2\/media?parent=1611"}],"wp:term":[{"taxonomy":"category","embeddable":true,"href":"https:\/\/www.mautervillas.fr\/blog\/wp-json\/wp\/v2\/categories?post=1611"},{"taxonomy":"post_tag","embeddable":true,"href":"https:\/\/www.mautervillas.fr\/blog\/wp-json\/wp\/v2\/tags?post=1611"}],"curies":[{"name":"wp","href":"https:\/\/api.w.org\/{rel}","templated":true}]}}